{"id":1837,"date":"2024-07-21T12:30:42","date_gmt":"2024-07-21T11:30:42","guid":{"rendered":"https:\/\/souss.digital\/2024\/07\/mise-en-oeuvre-de-la-convention-cadre-renforcement-des-talents-digitaux-a-lhorizon-2027\/"},"modified":"2024-10-23T16:38:41","modified_gmt":"2024-10-23T15:38:41","slug":"mise-en-oeuvre-de-la-convention-cadre-renforcement-des-talents-digitaux-a-lhorizon-2027","status":"publish","type":"post","link":"https:\/\/souss.digital\/en\/2024\/07\/mise-en-oeuvre-de-la-convention-cadre-renforcement-des-talents-digitaux-a-lhorizon-2027\/","title":{"rendered":"Mise en \u0153uvre de la convention-cadre \u00abRenforcement des Talents Digitaux \u00e0 l\u2019horizon 2027\u00bb"},"content":{"rendered":"<div class=\"flex-1 overflow-hidden\">\n<div class=\"react-scroll-to-bottom--css-venyo-79elbk h-full\">\n<div class=\"react-scroll-to-bottom--css-venyo-1n7m0yu\">\n<div class=\"flex flex-col pb-9 text-sm\">\n<div class=\"w-full text-token-text-primary\" data-testid=\"conversation-turn-3\">\n<div class=\"px-4 py-2 justify-center text-base md:gap-6 m-auto\">\n<div class=\"flex flex-1 text-base mx-auto gap-3 md:px-5 lg:px-1 xl:px-5 md:max-w-3xl lg:max-w-[40rem] xl:max-w-[48rem] group final-completion\">\n<div class=\"relative flex w-full flex-col lg:w-[calc(100%-115px)] agent-turn\">\n<div class=\"flex-col gap-1 md:gap-3\">\n<div class=\"flex flex-grow flex-col max-w-full\">\n<div class=\"min-h-[20px] text-message flex flex-col items-start gap-3 whitespace-pre-wrap break-words [.text-message+&amp;]:mt-5 overflow-x-auto\" data-message-author-role=\"assistant\" data-message-id=\"65583470-e2e8-487f-88cf-50ff817de827\">\n<div class=\"markdown prose w-full break-words dark:prose-invert light\">\n<p>Le ministre de l\u2019Enseignement sup\u00e9rieur, de la Recherche scientifique et de l\u2019Innovation, Abdellatif Miraoui, et la ministre d\u00e9l\u00e9gu\u00e9e charg\u00e9e de la Transition num\u00e9rique et de la R\u00e9forme de l\u2019administration, Ghita Mezzour, ont pr\u00e9sid\u00e9 une r\u00e9union pour suivre la mise en \u0153uvre de la convention-cadre \u00ab Renforcement des Talents Digitaux \u00e0 l\u2019horizon 2027 \u00bb.<\/p>\n<p>&nbsp;<\/p>\n<p>Ce programme vise \u00e0 augmenter le nombre d\u2019inscrits et de dipl\u00f4m\u00e9s en num\u00e9rique dans les universit\u00e9s publiques marocaines et \u00e0 adapter la formation aux besoins du march\u00e9 de l\u2019emploi et des investisseurs dans le secteur num\u00e9rique. Selon un communiqu\u00e9 conjoint, Miraoui a soulign\u00e9 que le capital humain est essentiel pour le d\u00e9veloppement national et a insist\u00e9 sur l\u2019importance de valoriser les comp\u00e9tences pour soutenir l\u2019\u00e9conomie du pays.<\/p>\n<p>&nbsp;<\/p>\n<p>Il a \u00e9galement mentionn\u00e9 la mobilisation des universit\u00e9s publiques en termes de ressources humaines et mat\u00e9rielles pour atteindre les objectifs du programme. Mezzour a ajout\u00e9 que le programme vise \u00e0 renforcer les comp\u00e9tences des jeunes talents pour r\u00e9pondre aux besoins du march\u00e9 et dynamiser l\u2019\u00e9conomie nationale.<\/p>\n<p>&nbsp;<\/p>\n<p>La r\u00e9union a \u00e9galement permis de pr\u00e9senter l\u2019\u00e9tat d\u2019avancement des engagements. Toutes les universit\u00e9s publiques ont rempli leurs engagements contractuels en augmentant les effectifs inscrits dans les fili\u00e8res du Digital. Le nombre de nouveaux inscrits est pass\u00e9 de 10.712 \u00e0 21.125, soit une augmentation de plus de 97 % entre 2022\/2023 et 2023\/2024.<\/p>\n<p>&nbsp;<\/p>\n<p>L\u2019offre de formation des universit\u00e9s publiques a \u00e9t\u00e9 adapt\u00e9e, avec 393 fili\u00e8res en Num\u00e9rique, dont 183 nouvellement accr\u00e9dit\u00e9es. Ces avanc\u00e9es confirment l\u2019engagement des deux parties en faveur de la promotion des comp\u00e9tences num\u00e9riques et de l\u2019innovation technologique pour r\u00e9ussir la transition num\u00e9rique du Maroc.<\/p>\n<\/div>\n<\/div>\n<\/div>\n<\/div>\n<\/div>\n<\/div>\n<\/div>\n<\/div>\n<\/div>\n<\/div>\n<\/div>\n<\/div>\n","protected":false},"excerpt":{"rendered":"<p>Le ministre de l\u2019Enseignement sup\u00e9rieur, de la Recherche scientifique et de l\u2019Innovation, Abdellatif Miraoui, et la ministre d\u00e9l\u00e9gu\u00e9e charg\u00e9e de la Transition num\u00e9rique et de la R\u00e9forme de l\u2019administration, Ghita Mezzour, ont pr\u00e9sid\u00e9 une r\u00e9union pour suivre la mise en \u0153uvre de la convention-cadre \u00ab Renforcement des Talents Digitaux \u00e0 l\u2019horizon 2027 \u00bb. &nbsp; Ce [&hellip;]<\/p>\n","protected":false},"author":1,"featured_media":1772,"comment_status":"closed","ping_status":"open","sticky":false,"template":"","format":"standard","meta":{"_acf_changed":false,"footnotes":""},"categories":[24],"tags":[],"class_list":["post-1837","post","type-post","status-publish","format-standard","has-post-thumbnail","hentry","category-business-en"],"acf":[],"yoast_head":"<!-- This site is optimized with the Yoast SEO plugin v27.4 - https:\/\/yoast.com\/product\/yoast-seo-wordpress\/ -->\n<title>Mise en \u0153uvre de la convention-cadre \u00abRenforcement des Talents Digitaux \u00e0 l\u2019horizon 2027\u00bb - Souss Digital Gateway<\/title>\n<meta name=\"description\" content=\"Mise en \u0153uvre de la convention-cadre \u00abRenforcement des Talents Digitaux \u00e0 l\u2019horizon 2027\u00bb Business | Souss Digital Gateway\" \/>\n<meta name=\"robots\" content=\"index, follow, max-snippet:-1, max-image-preview:large, max-video-preview:-1\" \/>\n<link rel=\"canonical\" href=\"https:\/\/souss.digital\/en\/2024\/07\/mise-en-oeuvre-de-la-convention-cadre-renforcement-des-talents-digitaux-a-lhorizon-2027\/\" \/>\n<meta property=\"og:locale\" content=\"en_US\" \/>\n<meta property=\"og:type\" content=\"article\" \/>\n<meta property=\"og:title\" content=\"Mise en \u0153uvre de la convention-cadre \u00abRenforcement des Talents Digitaux \u00e0 l\u2019horizon 2027\u00bb - Souss Digital Gateway\" \/>\n<meta property=\"og:description\" content=\"Mise en \u0153uvre de la convention-cadre \u00abRenforcement des Talents Digitaux \u00e0 l\u2019horizon 2027\u00bb Business | Souss Digital Gateway\" \/>\n<meta property=\"og:url\" content=\"https:\/\/souss.digital\/en\/2024\/07\/mise-en-oeuvre-de-la-convention-cadre-renforcement-des-talents-digitaux-a-lhorizon-2027\/\" \/>\n<meta property=\"og:site_name\" content=\"Souss Digital Gateway\" \/>\n<meta property=\"article:publisher\" content=\"https:\/\/web.facebook.com\/souss.digital.gateway\" \/>\n<meta property=\"article:published_time\" content=\"2024-07-21T11:30:42+00:00\" \/>\n<meta property=\"article:modified_time\" content=\"2024-10-23T15:38:41+00:00\" \/>\n<meta property=\"og:image\" content=\"https:\/\/souss.digital\/wp-content\/uploads\/2024\/07\/mise-en-oeuvre-de-la-convention-cadre-renforcement-des-talents-digitaux-a-lhorizon-2027.jpg\" \/>\n\t<meta property=\"og:image:width\" content=\"1080\" \/>\n\t<meta property=\"og:image:height\" content=\"1080\" \/>\n\t<meta property=\"og:image:type\" content=\"image\/jpeg\" \/>\n<meta name=\"author\" content=\"gadiros\" \/>\n<meta name=\"twitter:card\" content=\"summary_large_image\" \/>\n<meta name=\"twitter:creator\" content=\"@soussdigital\" \/>\n<meta name=\"twitter:site\" content=\"@soussdigital\" \/>\n<script type=\"application\/ld+json\" class=\"yoast-schema-graph\">{\"@context\":\"https:\\\/\\\/schema.org\",\"@graph\":[{\"@type\":\"Article\",\"@id\":\"https:\\\/\\\/souss.digital\\\/en\\\/2024\\\/07\\\/mise-en-oeuvre-de-la-convention-cadre-renforcement-des-talents-digitaux-a-lhorizon-2027\\\/#article\",\"isPartOf\":{\"@id\":\"https:\\\/\\\/souss.digital\\\/en\\\/2024\\\/07\\\/mise-en-oeuvre-de-la-convention-cadre-renforcement-des-talents-digitaux-a-lhorizon-2027\\\/\"},\"author\":{\"name\":\"gadiros\",\"@id\":\"https:\\\/\\\/souss.digital\\\/en\\\/#\\\/schema\\\/person\\\/db06603b4409fd161629d332ecb1dc84\"},\"headline\":\"Mise en \u0153uvre de la convention-cadre \u00abRenforcement des Talents Digitaux \u00e0 l\u2019horizon 2027\u00bb\",\"datePublished\":\"2024-07-21T11:30:42+00:00\",\"dateModified\":\"2024-10-23T15:38:41+00:00\",\"mainEntityOfPage\":{\"@id\":\"https:\\\/\\\/souss.digital\\\/en\\\/2024\\\/07\\\/mise-en-oeuvre-de-la-convention-cadre-renforcement-des-talents-digitaux-a-lhorizon-2027\\\/\"},\"wordCount\":312,\"publisher\":{\"@id\":\"https:\\\/\\\/souss.digital\\\/en\\\/#organization\"},\"image\":{\"@id\":\"https:\\\/\\\/souss.digital\\\/en\\\/2024\\\/07\\\/mise-en-oeuvre-de-la-convention-cadre-renforcement-des-talents-digitaux-a-lhorizon-2027\\\/#primaryimage\"},\"thumbnailUrl\":\"https:\\\/\\\/souss.digital\\\/wp-content\\\/uploads\\\/2024\\\/07\\\/mise-en-oeuvre-de-la-convention-cadre-renforcement-des-talents-digitaux-a-lhorizon-2027.jpg\",\"articleSection\":[\"Business\"],\"inLanguage\":\"en-US\"},{\"@type\":\"WebPage\",\"@id\":\"https:\\\/\\\/souss.digital\\\/en\\\/2024\\\/07\\\/mise-en-oeuvre-de-la-convention-cadre-renforcement-des-talents-digitaux-a-lhorizon-2027\\\/\",\"url\":\"https:\\\/\\\/souss.digital\\\/en\\\/2024\\\/07\\\/mise-en-oeuvre-de-la-convention-cadre-renforcement-des-talents-digitaux-a-lhorizon-2027\\\/\",\"name\":\"Mise en \u0153uvre de la convention-cadre \u00abRenforcement des Talents Digitaux \u00e0 l\u2019horizon 2027\u00bb - Souss Digital Gateway\",\"isPartOf\":{\"@id\":\"https:\\\/\\\/souss.digital\\\/en\\\/#website\"},\"primaryImageOfPage\":{\"@id\":\"https:\\\/\\\/souss.digital\\\/en\\\/2024\\\/07\\\/mise-en-oeuvre-de-la-convention-cadre-renforcement-des-talents-digitaux-a-lhorizon-2027\\\/#primaryimage\"},\"image\":{\"@id\":\"https:\\\/\\\/souss.digital\\\/en\\\/2024\\\/07\\\/mise-en-oeuvre-de-la-convention-cadre-renforcement-des-talents-digitaux-a-lhorizon-2027\\\/#primaryimage\"},\"thumbnailUrl\":\"https:\\\/\\\/souss.digital\\\/wp-content\\\/uploads\\\/2024\\\/07\\\/mise-en-oeuvre-de-la-convention-cadre-renforcement-des-talents-digitaux-a-lhorizon-2027.jpg\",\"datePublished\":\"2024-07-21T11:30:42+00:00\",\"dateModified\":\"2024-10-23T15:38:41+00:00\",\"description\":\"Mise en \u0153uvre de la convention-cadre \u00abRenforcement des Talents Digitaux \u00e0 l\u2019horizon 2027\u00bb Business | Souss Digital Gateway\",\"breadcrumb\":{\"@id\":\"https:\\\/\\\/souss.digital\\\/en\\\/2024\\\/07\\\/mise-en-oeuvre-de-la-convention-cadre-renforcement-des-talents-digitaux-a-lhorizon-2027\\\/#breadcrumb\"},\"inLanguage\":\"en-US\",\"potentialAction\":[{\"@type\":\"ReadAction\",\"target\":[\"https:\\\/\\\/souss.digital\\\/en\\\/2024\\\/07\\\/mise-en-oeuvre-de-la-convention-cadre-renforcement-des-talents-digitaux-a-lhorizon-2027\\\/\"]}]},{\"@type\":\"ImageObject\",\"inLanguage\":\"en-US\",\"@id\":\"https:\\\/\\\/souss.digital\\\/en\\\/2024\\\/07\\\/mise-en-oeuvre-de-la-convention-cadre-renforcement-des-talents-digitaux-a-lhorizon-2027\\\/#primaryimage\",\"url\":\"https:\\\/\\\/souss.digital\\\/wp-content\\\/uploads\\\/2024\\\/07\\\/mise-en-oeuvre-de-la-convention-cadre-renforcement-des-talents-digitaux-a-lhorizon-2027.jpg\",\"contentUrl\":\"https:\\\/\\\/souss.digital\\\/wp-content\\\/uploads\\\/2024\\\/07\\\/mise-en-oeuvre-de-la-convention-cadre-renforcement-des-talents-digitaux-a-lhorizon-2027.jpg\",\"width\":1080,\"height\":1080},{\"@type\":\"BreadcrumbList\",\"@id\":\"https:\\\/\\\/souss.digital\\\/en\\\/2024\\\/07\\\/mise-en-oeuvre-de-la-convention-cadre-renforcement-des-talents-digitaux-a-lhorizon-2027\\\/#breadcrumb\",\"itemListElement\":[{\"@type\":\"ListItem\",\"position\":1,\"name\":\"Accueil\",\"item\":\"https:\\\/\\\/souss.digital\\\/en\\\/\"},{\"@type\":\"ListItem\",\"position\":2,\"name\":\"Mise en \u0153uvre de la convention-cadre \u00abRenforcement des Talents Digitaux \u00e0 l\u2019horizon 2027\u00bb\"}]},{\"@type\":\"WebSite\",\"@id\":\"https:\\\/\\\/souss.digital\\\/en\\\/#website\",\"url\":\"https:\\\/\\\/souss.digital\\\/en\\\/\",\"name\":\"Souss Digital Gateway\",\"description\":\"Your IT gateway to Souss Massa Region\",\"publisher\":{\"@id\":\"https:\\\/\\\/souss.digital\\\/en\\\/#organization\"},\"potentialAction\":[{\"@type\":\"SearchAction\",\"target\":{\"@type\":\"EntryPoint\",\"urlTemplate\":\"https:\\\/\\\/souss.digital\\\/en\\\/?s={search_term_string}\"},\"query-input\":{\"@type\":\"PropertyValueSpecification\",\"valueRequired\":true,\"valueName\":\"search_term_string\"}}],\"inLanguage\":\"en-US\"},{\"@type\":\"Organization\",\"@id\":\"https:\\\/\\\/souss.digital\\\/en\\\/#organization\",\"name\":\"Souss Digital Gateway\",\"url\":\"https:\\\/\\\/souss.digital\\\/en\\\/\",\"logo\":{\"@type\":\"ImageObject\",\"inLanguage\":\"en-US\",\"@id\":\"https:\\\/\\\/souss.digital\\\/en\\\/#\\\/schema\\\/logo\\\/image\\\/\",\"url\":\"https:\\\/\\\/souss.digital\\\/wp-content\\\/uploads\\\/2023\\\/08\\\/souss-digital-logo-fond-blanc-2.png\",\"contentUrl\":\"https:\\\/\\\/souss.digital\\\/wp-content\\\/uploads\\\/2023\\\/08\\\/souss-digital-logo-fond-blanc-2.png\",\"width\":612,\"height\":966,\"caption\":\"Souss Digital Gateway\"},\"image\":{\"@id\":\"https:\\\/\\\/souss.digital\\\/en\\\/#\\\/schema\\\/logo\\\/image\\\/\"},\"sameAs\":[\"https:\\\/\\\/web.facebook.com\\\/souss.digital.gateway\",\"https:\\\/\\\/x.com\\\/soussdigital\",\"https:\\\/\\\/www.instagram.com\\\/souss.digital.gateway\\\/\",\"https:\\\/\\\/www.linkedin.com\\\/company\\\/souss-digital-gateway\\\/\"]},{\"@type\":\"Person\",\"@id\":\"https:\\\/\\\/souss.digital\\\/en\\\/#\\\/schema\\\/person\\\/db06603b4409fd161629d332ecb1dc84\",\"name\":\"gadiros\",\"image\":{\"@type\":\"ImageObject\",\"inLanguage\":\"en-US\",\"@id\":\"https:\\\/\\\/secure.gravatar.com\\\/avatar\\\/9ee2e02fa65b15cc6908dbd562c96b7ad1a5afff3d08a499b528b0c33c7d84d8?s=96&d=mm&r=g\",\"url\":\"https:\\\/\\\/secure.gravatar.com\\\/avatar\\\/9ee2e02fa65b15cc6908dbd562c96b7ad1a5afff3d08a499b528b0c33c7d84d8?s=96&d=mm&r=g\",\"contentUrl\":\"https:\\\/\\\/secure.gravatar.com\\\/avatar\\\/9ee2e02fa65b15cc6908dbd562c96b7ad1a5afff3d08a499b528b0c33c7d84d8?s=96&d=mm&r=g\",\"caption\":\"gadiros\"},\"sameAs\":[\"https:\\\/\\\/souss.digital\"]}]}<\/script>\n<!-- \/ Yoast SEO plugin. -->","yoast_head_json":{"title":"Mise en \u0153uvre de la convention-cadre \u00abRenforcement des Talents Digitaux \u00e0 l\u2019horizon 2027\u00bb - Souss Digital Gateway","description":"Mise en \u0153uvre de la convention-cadre \u00abRenforcement des Talents Digitaux \u00e0 l\u2019horizon 2027\u00bb Business | Souss Digital Gateway","robots":{"index":"index","follow":"follow","max-snippet":"max-snippet:-1","max-image-preview":"max-image-preview:large","max-video-preview":"max-video-preview:-1"},"canonical":"https:\/\/souss.digital\/en\/2024\/07\/mise-en-oeuvre-de-la-convention-cadre-renforcement-des-talents-digitaux-a-lhorizon-2027\/","og_locale":"en_US","og_type":"article","og_title":"Mise en \u0153uvre de la convention-cadre \u00abRenforcement des Talents Digitaux \u00e0 l\u2019horizon 2027\u00bb - Souss Digital Gateway","og_description":"Mise en \u0153uvre de la convention-cadre \u00abRenforcement des Talents Digitaux \u00e0 l\u2019horizon 2027\u00bb Business | Souss Digital Gateway","og_url":"https:\/\/souss.digital\/en\/2024\/07\/mise-en-oeuvre-de-la-convention-cadre-renforcement-des-talents-digitaux-a-lhorizon-2027\/","og_site_name":"Souss Digital Gateway","article_publisher":"https:\/\/web.facebook.com\/souss.digital.gateway","article_published_time":"2024-07-21T11:30:42+00:00","article_modified_time":"2024-10-23T15:38:41+00:00","og_image":[{"width":1080,"height":1080,"url":"https:\/\/souss.digital\/wp-content\/uploads\/2024\/07\/mise-en-oeuvre-de-la-convention-cadre-renforcement-des-talents-digitaux-a-lhorizon-2027.jpg","type":"image\/jpeg"}],"author":"gadiros","twitter_card":"summary_large_image","twitter_creator":"@soussdigital","twitter_site":"@soussdigital","schema":{"@context":"https:\/\/schema.org","@graph":[{"@type":"Article","@id":"https:\/\/souss.digital\/en\/2024\/07\/mise-en-oeuvre-de-la-convention-cadre-renforcement-des-talents-digitaux-a-lhorizon-2027\/#article","isPartOf":{"@id":"https:\/\/souss.digital\/en\/2024\/07\/mise-en-oeuvre-de-la-convention-cadre-renforcement-des-talents-digitaux-a-lhorizon-2027\/"},"author":{"name":"gadiros","@id":"https:\/\/souss.digital\/en\/#\/schema\/person\/db06603b4409fd161629d332ecb1dc84"},"headline":"Mise en \u0153uvre de la convention-cadre \u00abRenforcement des Talents Digitaux \u00e0 l\u2019horizon 2027\u00bb","datePublished":"2024-07-21T11:30:42+00:00","dateModified":"2024-10-23T15:38:41+00:00","mainEntityOfPage":{"@id":"https:\/\/souss.digital\/en\/2024\/07\/mise-en-oeuvre-de-la-convention-cadre-renforcement-des-talents-digitaux-a-lhorizon-2027\/"},"wordCount":312,"publisher":{"@id":"https:\/\/souss.digital\/en\/#organization"},"image":{"@id":"https:\/\/souss.digital\/en\/2024\/07\/mise-en-oeuvre-de-la-convention-cadre-renforcement-des-talents-digitaux-a-lhorizon-2027\/#primaryimage"},"thumbnailUrl":"https:\/\/souss.digital\/wp-content\/uploads\/2024\/07\/mise-en-oeuvre-de-la-convention-cadre-renforcement-des-talents-digitaux-a-lhorizon-2027.jpg","articleSection":["Business"],"inLanguage":"en-US"},{"@type":"WebPage","@id":"https:\/\/souss.digital\/en\/2024\/07\/mise-en-oeuvre-de-la-convention-cadre-renforcement-des-talents-digitaux-a-lhorizon-2027\/","url":"https:\/\/souss.digital\/en\/2024\/07\/mise-en-oeuvre-de-la-convention-cadre-renforcement-des-talents-digitaux-a-lhorizon-2027\/","name":"Mise en \u0153uvre de la convention-cadre \u00abRenforcement des Talents Digitaux \u00e0 l\u2019horizon 2027\u00bb - Souss Digital Gateway","isPartOf":{"@id":"https:\/\/souss.digital\/en\/#website"},"primaryImageOfPage":{"@id":"https:\/\/souss.digital\/en\/2024\/07\/mise-en-oeuvre-de-la-convention-cadre-renforcement-des-talents-digitaux-a-lhorizon-2027\/#primaryimage"},"image":{"@id":"https:\/\/souss.digital\/en\/2024\/07\/mise-en-oeuvre-de-la-convention-cadre-renforcement-des-talents-digitaux-a-lhorizon-2027\/#primaryimage"},"thumbnailUrl":"https:\/\/souss.digital\/wp-content\/uploads\/2024\/07\/mise-en-oeuvre-de-la-convention-cadre-renforcement-des-talents-digitaux-a-lhorizon-2027.jpg","datePublished":"2024-07-21T11:30:42+00:00","dateModified":"2024-10-23T15:38:41+00:00","description":"Mise en \u0153uvre de la convention-cadre \u00abRenforcement des Talents Digitaux \u00e0 l\u2019horizon 2027\u00bb Business | Souss Digital Gateway","breadcrumb":{"@id":"https:\/\/souss.digital\/en\/2024\/07\/mise-en-oeuvre-de-la-convention-cadre-renforcement-des-talents-digitaux-a-lhorizon-2027\/#breadcrumb"},"inLanguage":"en-US","potentialAction":[{"@type":"ReadAction","target":["https:\/\/souss.digital\/en\/2024\/07\/mise-en-oeuvre-de-la-convention-cadre-renforcement-des-talents-digitaux-a-lhorizon-2027\/"]}]},{"@type":"ImageObject","inLanguage":"en-US","@id":"https:\/\/souss.digital\/en\/2024\/07\/mise-en-oeuvre-de-la-convention-cadre-renforcement-des-talents-digitaux-a-lhorizon-2027\/#primaryimage","url":"https:\/\/souss.digital\/wp-content\/uploads\/2024\/07\/mise-en-oeuvre-de-la-convention-cadre-renforcement-des-talents-digitaux-a-lhorizon-2027.jpg","contentUrl":"https:\/\/souss.digital\/wp-content\/uploads\/2024\/07\/mise-en-oeuvre-de-la-convention-cadre-renforcement-des-talents-digitaux-a-lhorizon-2027.jpg","width":1080,"height":1080},{"@type":"BreadcrumbList","@id":"https:\/\/souss.digital\/en\/2024\/07\/mise-en-oeuvre-de-la-convention-cadre-renforcement-des-talents-digitaux-a-lhorizon-2027\/#breadcrumb","itemListElement":[{"@type":"ListItem","position":1,"name":"Accueil","item":"https:\/\/souss.digital\/en\/"},{"@type":"ListItem","position":2,"name":"Mise en \u0153uvre de la convention-cadre \u00abRenforcement des Talents Digitaux \u00e0 l\u2019horizon 2027\u00bb"}]},{"@type":"WebSite","@id":"https:\/\/souss.digital\/en\/#website","url":"https:\/\/souss.digital\/en\/","name":"Souss Digital Gateway","description":"Your IT gateway to Souss Massa Region","publisher":{"@id":"https:\/\/souss.digital\/en\/#organization"},"potentialAction":[{"@type":"SearchAction","target":{"@type":"EntryPoint","urlTemplate":"https:\/\/souss.digital\/en\/?s={search_term_string}"},"query-input":{"@type":"PropertyValueSpecification","valueRequired":true,"valueName":"search_term_string"}}],"inLanguage":"en-US"},{"@type":"Organization","@id":"https:\/\/souss.digital\/en\/#organization","name":"Souss Digital Gateway","url":"https:\/\/souss.digital\/en\/","logo":{"@type":"ImageObject","inLanguage":"en-US","@id":"https:\/\/souss.digital\/en\/#\/schema\/logo\/image\/","url":"https:\/\/souss.digital\/wp-content\/uploads\/2023\/08\/souss-digital-logo-fond-blanc-2.png","contentUrl":"https:\/\/souss.digital\/wp-content\/uploads\/2023\/08\/souss-digital-logo-fond-blanc-2.png","width":612,"height":966,"caption":"Souss Digital Gateway"},"image":{"@id":"https:\/\/souss.digital\/en\/#\/schema\/logo\/image\/"},"sameAs":["https:\/\/web.facebook.com\/souss.digital.gateway","https:\/\/x.com\/soussdigital","https:\/\/www.instagram.com\/souss.digital.gateway\/","https:\/\/www.linkedin.com\/company\/souss-digital-gateway\/"]},{"@type":"Person","@id":"https:\/\/souss.digital\/en\/#\/schema\/person\/db06603b4409fd161629d332ecb1dc84","name":"gadiros","image":{"@type":"ImageObject","inLanguage":"en-US","@id":"https:\/\/secure.gravatar.com\/avatar\/9ee2e02fa65b15cc6908dbd562c96b7ad1a5afff3d08a499b528b0c33c7d84d8?s=96&d=mm&r=g","url":"https:\/\/secure.gravatar.com\/avatar\/9ee2e02fa65b15cc6908dbd562c96b7ad1a5afff3d08a499b528b0c33c7d84d8?s=96&d=mm&r=g","contentUrl":"https:\/\/secure.gravatar.com\/avatar\/9ee2e02fa65b15cc6908dbd562c96b7ad1a5afff3d08a499b528b0c33c7d84d8?s=96&d=mm&r=g","caption":"gadiros"},"sameAs":["https:\/\/souss.digital"]}]}},"_links":{"self":[{"href":"https:\/\/souss.digital\/en\/wp-json\/wp\/v2\/posts\/1837","targetHints":{"allow":["GET"]}}],"collection":[{"href":"https:\/\/souss.digital\/en\/wp-json\/wp\/v2\/posts"}],"about":[{"href":"https:\/\/souss.digital\/en\/wp-json\/wp\/v2\/types\/post"}],"author":[{"embeddable":true,"href":"https:\/\/souss.digital\/en\/wp-json\/wp\/v2\/users\/1"}],"replies":[{"embeddable":true,"href":"https:\/\/souss.digital\/en\/wp-json\/wp\/v2\/comments?post=1837"}],"version-history":[{"count":1,"href":"https:\/\/souss.digital\/en\/wp-json\/wp\/v2\/posts\/1837\/revisions"}],"predecessor-version":[{"id":2544,"href":"https:\/\/souss.digital\/en\/wp-json\/wp\/v2\/posts\/1837\/revisions\/2544"}],"wp:featuredmedia":[{"embeddable":true,"href":"https:\/\/souss.digital\/en\/wp-json\/wp\/v2\/media\/1772"}],"wp:attachment":[{"href":"https:\/\/souss.digital\/en\/wp-json\/wp\/v2\/media?parent=1837"}],"wp:term":[{"taxonomy":"category","embeddable":true,"href":"https:\/\/souss.digital\/en\/wp-json\/wp\/v2\/categories?post=1837"},{"taxonomy":"post_tag","embeddable":true,"href":"https:\/\/souss.digital\/en\/wp-json\/wp\/v2\/tags?post=1837"}],"curies":[{"name":"wp","href":"https:\/\/api.w.org\/{rel}","templated":true}]}}