{"id":1861,"date":"2024-05-20T15:31:17","date_gmt":"2024-05-20T14:31:17","guid":{"rendered":"https:\/\/souss.digital\/2024\/05\/gitex-le-technopark-deploie-sa-nouvelle-feuille-de-route-2027\/"},"modified":"2024-10-23T16:39:02","modified_gmt":"2024-10-23T15:39:02","slug":"gitex-le-technopark-deploie-sa-nouvelle-feuille-de-route-2027","status":"publish","type":"post","link":"https:\/\/souss.digital\/en\/2024\/05\/gitex-le-technopark-deploie-sa-nouvelle-feuille-de-route-2027\/","title":{"rendered":"Gitex : le Technopark d\u00e9ploie sa nouvelle feuille de route 2027"},"content":{"rendered":"<div class=\"flex-1 overflow-hidden\">\n<div class=\"react-scroll-to-bottom--css-venyo-79elbk h-full\">\n<div class=\"react-scroll-to-bottom--css-venyo-1n7m0yu\">\n<div class=\"flex flex-col pb-9 text-sm\">\n<div class=\"w-full text-token-text-primary\" data-testid=\"conversation-turn-3\">\n<div class=\"px-4 py-2 justify-center text-base md:gap-6 m-auto\">\n<div class=\"flex flex-1 text-base mx-auto gap-3 md:px-5 lg:px-1 xl:px-5 md:max-w-3xl lg:max-w-[40rem] xl:max-w-[48rem] group final-completion\">\n<div class=\"relative flex w-full flex-col lg:w-[calc(100%-115px)] agent-turn\">\n<div class=\"flex-col gap-1 md:gap-3\">\n<div class=\"flex flex-grow flex-col max-w-full\">\n<div class=\"min-h-[20px] text-message flex flex-col items-start gap-3 whitespace-pre-wrap break-words [.text-message+&amp;]:mt-5 overflow-x-auto\" data-message-author-role=\"assistant\" data-message-id=\"65583470-e2e8-487f-88cf-50ff817de827\">\n<div class=\"markdown prose w-full break-words dark:prose-invert light\">\n<p>La Moroccan Information Technopark Company (MITC), gestionnaire des Technoparks au Maroc, amorce un nouveau tournant dans son d\u00e9veloppement. Lors de son conseil d\u2019administration du 19 avril, trois orientations strat\u00e9giques pour les trois prochaines ann\u00e9es ont \u00e9t\u00e9 valid\u00e9es.<\/p>\n<p>\u00ab \u00c0 l\u2019horizon 2027, notre priorit\u00e9 sera d\u2019acc\u00e9l\u00e9rer la r\u00e9gionalisation, de promouvoir l&#8217;open innovation multisectorielle et d&#8217;accompagner nos entreprises pour exporter leurs solutions vers les march\u00e9s europ\u00e9ens, africains et des pays du Golfe \u00bb, d\u00e9clare Lamiae Benmakhlouf, directrice g\u00e9n\u00e9rale du r\u00e9seau Technopark.<\/p>\n<p>La r\u00e9gionalisation se concentrera sur l\u2019ouverture de nouvelles zones technologiques \u00e0 F\u00e8s, Oujda et Tiznit, en compl\u00e9ment du r\u00e9seau actuel qui couvre Casablanca, Rabat, Tanger, Agadir et Essaouira.<\/p>\n<p>Depuis l\u2019inauguration du premier Technopark \u00e0 Casablanca en 2000, le MITC a accompagn\u00e9 plus de 3 500 startups et entreprises digitales, cr\u00e9ant plus de 15 000 emplois directs et indirects, avec un chiffre d&#8217;affaires annuel consolid\u00e9 de plus d&#8217;un milliard de dirhams, souligne Lamiae Benmakhlouf.<\/p>\n<\/div>\n<\/div>\n<\/div>\n<\/div>\n<\/div>\n<\/div>\n<\/div>\n<\/div>\n<\/div>\n<\/div>\n<\/div>\n<\/div>\n","protected":false},"excerpt":{"rendered":"<p>La Moroccan Information Technopark Company (MITC), gestionnaire des Technoparks au Maroc, amorce un nouveau tournant dans son d\u00e9veloppement. Lors de son conseil d\u2019administration du 19 avril, trois orientations strat\u00e9giques pour les trois prochaines ann\u00e9es ont \u00e9t\u00e9 valid\u00e9es. \u00ab \u00c0 l\u2019horizon 2027, notre priorit\u00e9 sera d\u2019acc\u00e9l\u00e9rer la r\u00e9gionalisation, de promouvoir l&#8217;open innovation multisectorielle et d&#8217;accompagner nos [&hellip;]<\/p>\n","protected":false},"author":1,"featured_media":1736,"comment_status":"closed","ping_status":"open","sticky":false,"template":"","format":"standard","meta":{"_acf_changed":false,"footnotes":""},"categories":[24],"tags":[],"class_list":["post-1861","post","type-post","status-publish","format-standard","has-post-thumbnail","hentry","category-business-en"],"acf":[],"yoast_head":"<!-- This site is optimized with the Yoast SEO plugin v27.4 - https:\/\/yoast.com\/product\/yoast-seo-wordpress\/ -->\n<title>Gitex : le Technopark d\u00e9ploie sa nouvelle feuille de route 2027 - Souss Digital Gateway<\/title>\n<meta name=\"description\" content=\"Gitex : le Technopark d\u00e9ploie sa nouvelle feuille de route 2027 | Souss Digital Gateway\" \/>\n<meta name=\"robots\" content=\"index, follow, max-snippet:-1, max-image-preview:large, max-video-preview:-1\" \/>\n<link rel=\"canonical\" href=\"https:\/\/souss.digital\/en\/2024\/05\/gitex-le-technopark-deploie-sa-nouvelle-feuille-de-route-2027\/\" \/>\n<meta property=\"og:locale\" content=\"en_US\" \/>\n<meta property=\"og:type\" content=\"article\" \/>\n<meta property=\"og:title\" content=\"Gitex : le Technopark d\u00e9ploie sa nouvelle feuille de route 2027 - Souss Digital Gateway\" \/>\n<meta property=\"og:description\" content=\"Gitex : le Technopark d\u00e9ploie sa nouvelle feuille de route 2027 | Souss Digital Gateway\" \/>\n<meta property=\"og:url\" content=\"https:\/\/souss.digital\/en\/2024\/05\/gitex-le-technopark-deploie-sa-nouvelle-feuille-de-route-2027\/\" \/>\n<meta property=\"og:site_name\" content=\"Souss Digital Gateway\" \/>\n<meta property=\"article:publisher\" content=\"https:\/\/web.facebook.com\/souss.digital.gateway\" \/>\n<meta property=\"article:published_time\" content=\"2024-05-20T14:31:17+00:00\" \/>\n<meta property=\"article:modified_time\" content=\"2024-10-23T15:39:02+00:00\" \/>\n<meta property=\"og:image\" content=\"https:\/\/souss.digital\/wp-content\/uploads\/2024\/05\/gitex-le-technopark-deploie-sa-nouvelle-feuille-de-route-2027.jpg\" \/>\n\t<meta property=\"og:image:width\" content=\"1080\" \/>\n\t<meta property=\"og:image:height\" content=\"1080\" \/>\n\t<meta property=\"og:image:type\" content=\"image\/jpeg\" \/>\n<meta name=\"author\" content=\"gadiros\" \/>\n<meta name=\"twitter:card\" content=\"summary_large_image\" \/>\n<meta name=\"twitter:creator\" content=\"@soussdigital\" \/>\n<meta name=\"twitter:site\" content=\"@soussdigital\" \/>\n<script type=\"application\/ld+json\" class=\"yoast-schema-graph\">{\"@context\":\"https:\\\/\\\/schema.org\",\"@graph\":[{\"@type\":\"Article\",\"@id\":\"https:\\\/\\\/souss.digital\\\/en\\\/2024\\\/05\\\/gitex-le-technopark-deploie-sa-nouvelle-feuille-de-route-2027\\\/#article\",\"isPartOf\":{\"@id\":\"https:\\\/\\\/souss.digital\\\/en\\\/2024\\\/05\\\/gitex-le-technopark-deploie-sa-nouvelle-feuille-de-route-2027\\\/\"},\"author\":{\"name\":\"gadiros\",\"@id\":\"https:\\\/\\\/souss.digital\\\/en\\\/#\\\/schema\\\/person\\\/db06603b4409fd161629d332ecb1dc84\"},\"headline\":\"Gitex : le Technopark d\u00e9ploie sa nouvelle feuille de route 2027\",\"datePublished\":\"2024-05-20T14:31:17+00:00\",\"dateModified\":\"2024-10-23T15:39:02+00:00\",\"mainEntityOfPage\":{\"@id\":\"https:\\\/\\\/souss.digital\\\/en\\\/2024\\\/05\\\/gitex-le-technopark-deploie-sa-nouvelle-feuille-de-route-2027\\\/\"},\"wordCount\":177,\"publisher\":{\"@id\":\"https:\\\/\\\/souss.digital\\\/en\\\/#organization\"},\"image\":{\"@id\":\"https:\\\/\\\/souss.digital\\\/en\\\/2024\\\/05\\\/gitex-le-technopark-deploie-sa-nouvelle-feuille-de-route-2027\\\/#primaryimage\"},\"thumbnailUrl\":\"https:\\\/\\\/souss.digital\\\/wp-content\\\/uploads\\\/2024\\\/05\\\/gitex-le-technopark-deploie-sa-nouvelle-feuille-de-route-2027.jpg\",\"articleSection\":[\"Business\"],\"inLanguage\":\"en-US\"},{\"@type\":\"WebPage\",\"@id\":\"https:\\\/\\\/souss.digital\\\/en\\\/2024\\\/05\\\/gitex-le-technopark-deploie-sa-nouvelle-feuille-de-route-2027\\\/\",\"url\":\"https:\\\/\\\/souss.digital\\\/en\\\/2024\\\/05\\\/gitex-le-technopark-deploie-sa-nouvelle-feuille-de-route-2027\\\/\",\"name\":\"Gitex : le Technopark d\u00e9ploie sa nouvelle feuille de route 2027 - Souss Digital Gateway\",\"isPartOf\":{\"@id\":\"https:\\\/\\\/souss.digital\\\/en\\\/#website\"},\"primaryImageOfPage\":{\"@id\":\"https:\\\/\\\/souss.digital\\\/en\\\/2024\\\/05\\\/gitex-le-technopark-deploie-sa-nouvelle-feuille-de-route-2027\\\/#primaryimage\"},\"image\":{\"@id\":\"https:\\\/\\\/souss.digital\\\/en\\\/2024\\\/05\\\/gitex-le-technopark-deploie-sa-nouvelle-feuille-de-route-2027\\\/#primaryimage\"},\"thumbnailUrl\":\"https:\\\/\\\/souss.digital\\\/wp-content\\\/uploads\\\/2024\\\/05\\\/gitex-le-technopark-deploie-sa-nouvelle-feuille-de-route-2027.jpg\",\"datePublished\":\"2024-05-20T14:31:17+00:00\",\"dateModified\":\"2024-10-23T15:39:02+00:00\",\"description\":\"Gitex : le Technopark d\u00e9ploie sa nouvelle feuille de route 2027 | Souss Digital Gateway\",\"breadcrumb\":{\"@id\":\"https:\\\/\\\/souss.digital\\\/en\\\/2024\\\/05\\\/gitex-le-technopark-deploie-sa-nouvelle-feuille-de-route-2027\\\/#breadcrumb\"},\"inLanguage\":\"en-US\",\"potentialAction\":[{\"@type\":\"ReadAction\",\"target\":[\"https:\\\/\\\/souss.digital\\\/en\\\/2024\\\/05\\\/gitex-le-technopark-deploie-sa-nouvelle-feuille-de-route-2027\\\/\"]}]},{\"@type\":\"ImageObject\",\"inLanguage\":\"en-US\",\"@id\":\"https:\\\/\\\/souss.digital\\\/en\\\/2024\\\/05\\\/gitex-le-technopark-deploie-sa-nouvelle-feuille-de-route-2027\\\/#primaryimage\",\"url\":\"https:\\\/\\\/souss.digital\\\/wp-content\\\/uploads\\\/2024\\\/05\\\/gitex-le-technopark-deploie-sa-nouvelle-feuille-de-route-2027.jpg\",\"contentUrl\":\"https:\\\/\\\/souss.digital\\\/wp-content\\\/uploads\\\/2024\\\/05\\\/gitex-le-technopark-deploie-sa-nouvelle-feuille-de-route-2027.jpg\",\"width\":1080,\"height\":1080},{\"@type\":\"BreadcrumbList\",\"@id\":\"https:\\\/\\\/souss.digital\\\/en\\\/2024\\\/05\\\/gitex-le-technopark-deploie-sa-nouvelle-feuille-de-route-2027\\\/#breadcrumb\",\"itemListElement\":[{\"@type\":\"ListItem\",\"position\":1,\"name\":\"Accueil\",\"item\":\"https:\\\/\\\/souss.digital\\\/en\\\/\"},{\"@type\":\"ListItem\",\"position\":2,\"name\":\"Gitex : le Technopark d\u00e9ploie sa nouvelle feuille de route 2027\"}]},{\"@type\":\"WebSite\",\"@id\":\"https:\\\/\\\/souss.digital\\\/en\\\/#website\",\"url\":\"https:\\\/\\\/souss.digital\\\/en\\\/\",\"name\":\"Souss Digital Gateway\",\"description\":\"Your IT gateway to Souss Massa Region\",\"publisher\":{\"@id\":\"https:\\\/\\\/souss.digital\\\/en\\\/#organization\"},\"potentialAction\":[{\"@type\":\"SearchAction\",\"target\":{\"@type\":\"EntryPoint\",\"urlTemplate\":\"https:\\\/\\\/souss.digital\\\/en\\\/?s={search_term_string}\"},\"query-input\":{\"@type\":\"PropertyValueSpecification\",\"valueRequired\":true,\"valueName\":\"search_term_string\"}}],\"inLanguage\":\"en-US\"},{\"@type\":\"Organization\",\"@id\":\"https:\\\/\\\/souss.digital\\\/en\\\/#organization\",\"name\":\"Souss Digital Gateway\",\"url\":\"https:\\\/\\\/souss.digital\\\/en\\\/\",\"logo\":{\"@type\":\"ImageObject\",\"inLanguage\":\"en-US\",\"@id\":\"https:\\\/\\\/souss.digital\\\/en\\\/#\\\/schema\\\/logo\\\/image\\\/\",\"url\":\"https:\\\/\\\/souss.digital\\\/wp-content\\\/uploads\\\/2023\\\/08\\\/souss-digital-logo-fond-blanc-2.png\",\"contentUrl\":\"https:\\\/\\\/souss.digital\\\/wp-content\\\/uploads\\\/2023\\\/08\\\/souss-digital-logo-fond-blanc-2.png\",\"width\":612,\"height\":966,\"caption\":\"Souss Digital Gateway\"},\"image\":{\"@id\":\"https:\\\/\\\/souss.digital\\\/en\\\/#\\\/schema\\\/logo\\\/image\\\/\"},\"sameAs\":[\"https:\\\/\\\/web.facebook.com\\\/souss.digital.gateway\",\"https:\\\/\\\/x.com\\\/soussdigital\",\"https:\\\/\\\/www.instagram.com\\\/souss.digital.gateway\\\/\",\"https:\\\/\\\/www.linkedin.com\\\/company\\\/souss-digital-gateway\\\/\"]},{\"@type\":\"Person\",\"@id\":\"https:\\\/\\\/souss.digital\\\/en\\\/#\\\/schema\\\/person\\\/db06603b4409fd161629d332ecb1dc84\",\"name\":\"gadiros\",\"image\":{\"@type\":\"ImageObject\",\"inLanguage\":\"en-US\",\"@id\":\"https:\\\/\\\/secure.gravatar.com\\\/avatar\\\/9ee2e02fa65b15cc6908dbd562c96b7ad1a5afff3d08a499b528b0c33c7d84d8?s=96&d=mm&r=g\",\"url\":\"https:\\\/\\\/secure.gravatar.com\\\/avatar\\\/9ee2e02fa65b15cc6908dbd562c96b7ad1a5afff3d08a499b528b0c33c7d84d8?s=96&d=mm&r=g\",\"contentUrl\":\"https:\\\/\\\/secure.gravatar.com\\\/avatar\\\/9ee2e02fa65b15cc6908dbd562c96b7ad1a5afff3d08a499b528b0c33c7d84d8?s=96&d=mm&r=g\",\"caption\":\"gadiros\"},\"sameAs\":[\"https:\\\/\\\/souss.digital\"]}]}<\/script>\n<!-- \/ Yoast SEO plugin. -->","yoast_head_json":{"title":"Gitex : le Technopark d\u00e9ploie sa nouvelle feuille de route 2027 - Souss Digital Gateway","description":"Gitex : le Technopark d\u00e9ploie sa nouvelle feuille de route 2027 | Souss Digital Gateway","robots":{"index":"index","follow":"follow","max-snippet":"max-snippet:-1","max-image-preview":"max-image-preview:large","max-video-preview":"max-video-preview:-1"},"canonical":"https:\/\/souss.digital\/en\/2024\/05\/gitex-le-technopark-deploie-sa-nouvelle-feuille-de-route-2027\/","og_locale":"en_US","og_type":"article","og_title":"Gitex : le Technopark d\u00e9ploie sa nouvelle feuille de route 2027 - Souss Digital Gateway","og_description":"Gitex : le Technopark d\u00e9ploie sa nouvelle feuille de route 2027 | Souss Digital Gateway","og_url":"https:\/\/souss.digital\/en\/2024\/05\/gitex-le-technopark-deploie-sa-nouvelle-feuille-de-route-2027\/","og_site_name":"Souss Digital Gateway","article_publisher":"https:\/\/web.facebook.com\/souss.digital.gateway","article_published_time":"2024-05-20T14:31:17+00:00","article_modified_time":"2024-10-23T15:39:02+00:00","og_image":[{"width":1080,"height":1080,"url":"https:\/\/souss.digital\/wp-content\/uploads\/2024\/05\/gitex-le-technopark-deploie-sa-nouvelle-feuille-de-route-2027.jpg","type":"image\/jpeg"}],"author":"gadiros","twitter_card":"summary_large_image","twitter_creator":"@soussdigital","twitter_site":"@soussdigital","schema":{"@context":"https:\/\/schema.org","@graph":[{"@type":"Article","@id":"https:\/\/souss.digital\/en\/2024\/05\/gitex-le-technopark-deploie-sa-nouvelle-feuille-de-route-2027\/#article","isPartOf":{"@id":"https:\/\/souss.digital\/en\/2024\/05\/gitex-le-technopark-deploie-sa-nouvelle-feuille-de-route-2027\/"},"author":{"name":"gadiros","@id":"https:\/\/souss.digital\/en\/#\/schema\/person\/db06603b4409fd161629d332ecb1dc84"},"headline":"Gitex : le Technopark d\u00e9ploie sa nouvelle feuille de route 2027","datePublished":"2024-05-20T14:31:17+00:00","dateModified":"2024-10-23T15:39:02+00:00","mainEntityOfPage":{"@id":"https:\/\/souss.digital\/en\/2024\/05\/gitex-le-technopark-deploie-sa-nouvelle-feuille-de-route-2027\/"},"wordCount":177,"publisher":{"@id":"https:\/\/souss.digital\/en\/#organization"},"image":{"@id":"https:\/\/souss.digital\/en\/2024\/05\/gitex-le-technopark-deploie-sa-nouvelle-feuille-de-route-2027\/#primaryimage"},"thumbnailUrl":"https:\/\/souss.digital\/wp-content\/uploads\/2024\/05\/gitex-le-technopark-deploie-sa-nouvelle-feuille-de-route-2027.jpg","articleSection":["Business"],"inLanguage":"en-US"},{"@type":"WebPage","@id":"https:\/\/souss.digital\/en\/2024\/05\/gitex-le-technopark-deploie-sa-nouvelle-feuille-de-route-2027\/","url":"https:\/\/souss.digital\/en\/2024\/05\/gitex-le-technopark-deploie-sa-nouvelle-feuille-de-route-2027\/","name":"Gitex : le Technopark d\u00e9ploie sa nouvelle feuille de route 2027 - Souss Digital Gateway","isPartOf":{"@id":"https:\/\/souss.digital\/en\/#website"},"primaryImageOfPage":{"@id":"https:\/\/souss.digital\/en\/2024\/05\/gitex-le-technopark-deploie-sa-nouvelle-feuille-de-route-2027\/#primaryimage"},"image":{"@id":"https:\/\/souss.digital\/en\/2024\/05\/gitex-le-technopark-deploie-sa-nouvelle-feuille-de-route-2027\/#primaryimage"},"thumbnailUrl":"https:\/\/souss.digital\/wp-content\/uploads\/2024\/05\/gitex-le-technopark-deploie-sa-nouvelle-feuille-de-route-2027.jpg","datePublished":"2024-05-20T14:31:17+00:00","dateModified":"2024-10-23T15:39:02+00:00","description":"Gitex : le Technopark d\u00e9ploie sa nouvelle feuille de route 2027 | Souss Digital Gateway","breadcrumb":{"@id":"https:\/\/souss.digital\/en\/2024\/05\/gitex-le-technopark-deploie-sa-nouvelle-feuille-de-route-2027\/#breadcrumb"},"inLanguage":"en-US","potentialAction":[{"@type":"ReadAction","target":["https:\/\/souss.digital\/en\/2024\/05\/gitex-le-technopark-deploie-sa-nouvelle-feuille-de-route-2027\/"]}]},{"@type":"ImageObject","inLanguage":"en-US","@id":"https:\/\/souss.digital\/en\/2024\/05\/gitex-le-technopark-deploie-sa-nouvelle-feuille-de-route-2027\/#primaryimage","url":"https:\/\/souss.digital\/wp-content\/uploads\/2024\/05\/gitex-le-technopark-deploie-sa-nouvelle-feuille-de-route-2027.jpg","contentUrl":"https:\/\/souss.digital\/wp-content\/uploads\/2024\/05\/gitex-le-technopark-deploie-sa-nouvelle-feuille-de-route-2027.jpg","width":1080,"height":1080},{"@type":"BreadcrumbList","@id":"https:\/\/souss.digital\/en\/2024\/05\/gitex-le-technopark-deploie-sa-nouvelle-feuille-de-route-2027\/#breadcrumb","itemListElement":[{"@type":"ListItem","position":1,"name":"Accueil","item":"https:\/\/souss.digital\/en\/"},{"@type":"ListItem","position":2,"name":"Gitex : le Technopark d\u00e9ploie sa nouvelle feuille de route 2027"}]},{"@type":"WebSite","@id":"https:\/\/souss.digital\/en\/#website","url":"https:\/\/souss.digital\/en\/","name":"Souss Digital Gateway","description":"Your IT gateway to Souss Massa Region","publisher":{"@id":"https:\/\/souss.digital\/en\/#organization"},"potentialAction":[{"@type":"SearchAction","target":{"@type":"EntryPoint","urlTemplate":"https:\/\/souss.digital\/en\/?s={search_term_string}"},"query-input":{"@type":"PropertyValueSpecification","valueRequired":true,"valueName":"search_term_string"}}],"inLanguage":"en-US"},{"@type":"Organization","@id":"https:\/\/souss.digital\/en\/#organization","name":"Souss Digital Gateway","url":"https:\/\/souss.digital\/en\/","logo":{"@type":"ImageObject","inLanguage":"en-US","@id":"https:\/\/souss.digital\/en\/#\/schema\/logo\/image\/","url":"https:\/\/souss.digital\/wp-content\/uploads\/2023\/08\/souss-digital-logo-fond-blanc-2.png","contentUrl":"https:\/\/souss.digital\/wp-content\/uploads\/2023\/08\/souss-digital-logo-fond-blanc-2.png","width":612,"height":966,"caption":"Souss Digital Gateway"},"image":{"@id":"https:\/\/souss.digital\/en\/#\/schema\/logo\/image\/"},"sameAs":["https:\/\/web.facebook.com\/souss.digital.gateway","https:\/\/x.com\/soussdigital","https:\/\/www.instagram.com\/souss.digital.gateway\/","https:\/\/www.linkedin.com\/company\/souss-digital-gateway\/"]},{"@type":"Person","@id":"https:\/\/souss.digital\/en\/#\/schema\/person\/db06603b4409fd161629d332ecb1dc84","name":"gadiros","image":{"@type":"ImageObject","inLanguage":"en-US","@id":"https:\/\/secure.gravatar.com\/avatar\/9ee2e02fa65b15cc6908dbd562c96b7ad1a5afff3d08a499b528b0c33c7d84d8?s=96&d=mm&r=g","url":"https:\/\/secure.gravatar.com\/avatar\/9ee2e02fa65b15cc6908dbd562c96b7ad1a5afff3d08a499b528b0c33c7d84d8?s=96&d=mm&r=g","contentUrl":"https:\/\/secure.gravatar.com\/avatar\/9ee2e02fa65b15cc6908dbd562c96b7ad1a5afff3d08a499b528b0c33c7d84d8?s=96&d=mm&r=g","caption":"gadiros"},"sameAs":["https:\/\/souss.digital"]}]}},"_links":{"self":[{"href":"https:\/\/souss.digital\/en\/wp-json\/wp\/v2\/posts\/1861","targetHints":{"allow":["GET"]}}],"collection":[{"href":"https:\/\/souss.digital\/en\/wp-json\/wp\/v2\/posts"}],"about":[{"href":"https:\/\/souss.digital\/en\/wp-json\/wp\/v2\/types\/post"}],"author":[{"embeddable":true,"href":"https:\/\/souss.digital\/en\/wp-json\/wp\/v2\/users\/1"}],"replies":[{"embeddable":true,"href":"https:\/\/souss.digital\/en\/wp-json\/wp\/v2\/comments?post=1861"}],"version-history":[{"count":1,"href":"https:\/\/souss.digital\/en\/wp-json\/wp\/v2\/posts\/1861\/revisions"}],"predecessor-version":[{"id":2568,"href":"https:\/\/souss.digital\/en\/wp-json\/wp\/v2\/posts\/1861\/revisions\/2568"}],"wp:featuredmedia":[{"embeddable":true,"href":"https:\/\/souss.digital\/en\/wp-json\/wp\/v2\/media\/1736"}],"wp:attachment":[{"href":"https:\/\/souss.digital\/en\/wp-json\/wp\/v2\/media?parent=1861"}],"wp:term":[{"taxonomy":"category","embeddable":true,"href":"https:\/\/souss.digital\/en\/wp-json\/wp\/v2\/categories?post=1861"},{"taxonomy":"post_tag","embeddable":true,"href":"https:\/\/souss.digital\/en\/wp-json\/wp\/v2\/tags?post=1861"}],"curies":[{"name":"wp","href":"https:\/\/api.w.org\/{rel}","templated":true}]}}