{"id":1882,"date":"2024-03-13T11:25:10","date_gmt":"2024-03-13T11:25:10","guid":{"rendered":"https:\/\/souss.digital\/2024\/03\/marche-des-donnees-edi-installe-sa-succursale-mena-au-maroc\/"},"modified":"2024-10-23T16:39:23","modified_gmt":"2024-10-23T15:39:23","slug":"marche-des-donnees-edi-installe-sa-succursale-mena-au-maroc","status":"publish","type":"post","link":"https:\/\/souss.digital\/en\/2024\/03\/marche-des-donnees-edi-installe-sa-succursale-mena-au-maroc\/","title":{"rendered":"March\u00e9 des donn\u00e9es : EDI installe sa succursale MENA au Maroc \u00e0 Agadir"},"content":{"rendered":"<div class=\"flex-1 overflow-hidden\">\n<div class=\"react-scroll-to-bottom--css-venyo-79elbk h-full\">\n<div class=\"react-scroll-to-bottom--css-venyo-1n7m0yu\">\n<div class=\"flex flex-col pb-9 text-sm\">\n<div class=\"w-full text-token-text-primary\" data-testid=\"conversation-turn-3\">\n<div class=\"px-4 py-2 justify-center text-base md:gap-6 m-auto\">\n<div class=\"flex flex-1 text-base mx-auto gap-3 md:px-5 lg:px-1 xl:px-5 md:max-w-3xl lg:max-w-[40rem] xl:max-w-[48rem] group final-completion\">\n<div class=\"relative flex w-full flex-col lg:w-[calc(100%-115px)] agent-turn\">\n<div class=\"flex-col gap-1 md:gap-3\">\n<div class=\"flex flex-grow flex-col max-w-full\">\n<div class=\"min-h-[20px] text-message flex flex-col items-start gap-3 whitespace-pre-wrap break-words [.text-message+&amp;]:mt-5 overflow-x-auto\" data-message-author-role=\"assistant\" data-message-id=\"65583470-e2e8-487f-88cf-50ff817de827\">\n<div class=\"markdown prose w-full break-words dark:prose-invert light\">\n<p>La firme londonienne EDI (\u00c9change Data International) op\u00e8re au Maroc depuis plus de 11 ans et vient d&#8217;inaugurer son nouveau bureau \u00e0 Agadir. Ce bureau, couvrant la r\u00e9gion MENA, se sp\u00e9cialise dans la production et la fourniture de donn\u00e9es financi\u00e8res et \u00e9conomiques. Il emploie actuellement 53 cadres marocains qualifi\u00e9s et pr\u00e9voit d&#8217;atteindre 102 emplois d&#8217;ici la fin de l&#8217;ann\u00e9e. Son objectif est de d\u00e9velopper ses activit\u00e9s au Maroc en fournissant des donn\u00e9es \u00e0 la communaut\u00e9 financi\u00e8re internationale, notamment aux banques d&#8217;investissement, aux places financi\u00e8res, aux maisons de courtage et aux fonds d&#8217;investissement.<\/p>\n<p>Jonathan Bloch, directeur g\u00e9n\u00e9ral d&#8217;EDI, a expliqu\u00e9 que l&#8217;implantation au Maroc, en particulier \u00e0 Agadir, a \u00e9t\u00e9 motiv\u00e9e par la qualit\u00e9 du capital humain et les comp\u00e9tences linguistiques des ressources humaines, ma\u00eetrisant notamment l&#8217;arabe, le fran\u00e7ais et l&#8217;espagnol. Cette implantation vise \u00e0 cibler d&#8217;autres segments de donn\u00e9es pour recruter davantage de talents.<\/p>\n<p>La fili\u00e8re data offre un potentiel d&#8217;emplois important. EDI, qui traduit des documents de r\u00e9f\u00e9rence dans 39 langues, emploie actuellement plus de 650 personnes dans plusieurs pays, dont le Maroc o\u00f9 le bureau d&#8217;Agadir est un des principaux plateaux de la firme. Driss Boutti, pr\u00e9sident de la CGEM, souligne que la fili\u00e8re data et les solutions de donn\u00e9es peuvent \u00eatre une source d&#8217;emplois significative pour les dipl\u00f4m\u00e9s des \u00e9coles et universit\u00e9s de la r\u00e9gion.<\/p>\n<p>Cr\u00e9\u00e9e il y a plus de trois d\u00e9cennies \u00e0 Londres, en 1994, EDI couvre les principaux march\u00e9s, avec un int\u00e9r\u00eat particulier pour les march\u00e9s \u00e9mergents tels que l&#8217;Afrique, l&#8217;Asie, le Moyen-Orient et l&#8217;Am\u00e9rique latine.<\/p>\n<p>La c\u00e9r\u00e9monie d&#8217;ouverture du nouveau bureau \u00e0 Agadir a \u00e9galement compt\u00e9 la pr\u00e9sence de Ali Moamah, vice-pr\u00e9sident du Syndicat automobile marocain, ainsi que d&#8217;autres acteurs de la r\u00e9gion Souss-Massa.<\/p>\n<\/div>\n<\/div>\n<\/div>\n<\/div>\n<\/div>\n<\/div>\n<\/div>\n<\/div>\n<\/div>\n<\/div>\n<\/div>\n<\/div>\n","protected":false},"excerpt":{"rendered":"<p>La firme londonienne EDI (\u00c9change Data International) op\u00e8re au Maroc depuis plus de 11 ans et vient d&#8217;inaugurer son nouveau bureau \u00e0 Agadir. Ce bureau, couvrant la r\u00e9gion MENA, se sp\u00e9cialise dans la production et la fourniture de donn\u00e9es financi\u00e8res et \u00e9conomiques. Il emploie actuellement 53 cadres marocains qualifi\u00e9s et pr\u00e9voit d&#8217;atteindre 102 emplois d&#8217;ici [&hellip;]<\/p>\n","protected":false},"author":1,"featured_media":1710,"comment_status":"closed","ping_status":"open","sticky":false,"template":"","format":"standard","meta":{"_acf_changed":false,"footnotes":""},"categories":[24],"tags":[],"class_list":["post-1882","post","type-post","status-publish","format-standard","has-post-thumbnail","hentry","category-business-en"],"acf":[],"yoast_head":"<!-- This site is optimized with the Yoast SEO plugin v27.4 - https:\/\/yoast.com\/product\/yoast-seo-wordpress\/ -->\n<title>March\u00e9 des donn\u00e9es : EDI installe sa succursale MENA au Maroc \u00e0 Agadir - Souss Digital Gateway<\/title>\n<meta name=\"description\" content=\"March\u00e9 des donn\u00e9es : EDI installe sa succursale MENA au Maroc \u00e0 Agadir | Souss Digital Gateway\" \/>\n<meta name=\"robots\" content=\"index, follow, max-snippet:-1, max-image-preview:large, max-video-preview:-1\" \/>\n<link rel=\"canonical\" href=\"https:\/\/souss.digital\/en\/2024\/03\/marche-des-donnees-edi-installe-sa-succursale-mena-au-maroc\/\" \/>\n<meta property=\"og:locale\" content=\"en_US\" \/>\n<meta property=\"og:type\" content=\"article\" \/>\n<meta property=\"og:title\" content=\"March\u00e9 des donn\u00e9es : EDI installe sa succursale MENA au Maroc \u00e0 Agadir - Souss Digital Gateway\" \/>\n<meta property=\"og:description\" content=\"March\u00e9 des donn\u00e9es : EDI installe sa succursale MENA au Maroc \u00e0 Agadir | Souss Digital Gateway\" \/>\n<meta property=\"og:url\" content=\"https:\/\/souss.digital\/en\/2024\/03\/marche-des-donnees-edi-installe-sa-succursale-mena-au-maroc\/\" \/>\n<meta property=\"og:site_name\" content=\"Souss Digital Gateway\" \/>\n<meta property=\"article:publisher\" content=\"https:\/\/web.facebook.com\/souss.digital.gateway\" \/>\n<meta property=\"article:published_time\" content=\"2024-03-13T11:25:10+00:00\" \/>\n<meta property=\"article:modified_time\" content=\"2024-10-23T15:39:23+00:00\" \/>\n<meta property=\"og:image\" content=\"https:\/\/souss.digital\/wp-content\/uploads\/2024\/03\/marche-des-donnees-edi-installe-sa-succursale-mena-au-maroc.jpg\" \/>\n\t<meta property=\"og:image:width\" content=\"1080\" \/>\n\t<meta property=\"og:image:height\" content=\"1080\" \/>\n\t<meta property=\"og:image:type\" content=\"image\/jpeg\" \/>\n<meta name=\"author\" content=\"gadiros\" \/>\n<meta name=\"twitter:card\" content=\"summary_large_image\" \/>\n<meta name=\"twitter:creator\" content=\"@soussdigital\" \/>\n<meta name=\"twitter:site\" content=\"@soussdigital\" \/>\n<script type=\"application\/ld+json\" class=\"yoast-schema-graph\">{\"@context\":\"https:\\\/\\\/schema.org\",\"@graph\":[{\"@type\":\"Article\",\"@id\":\"https:\\\/\\\/souss.digital\\\/en\\\/2024\\\/03\\\/marche-des-donnees-edi-installe-sa-succursale-mena-au-maroc\\\/#article\",\"isPartOf\":{\"@id\":\"https:\\\/\\\/souss.digital\\\/en\\\/2024\\\/03\\\/marche-des-donnees-edi-installe-sa-succursale-mena-au-maroc\\\/\"},\"author\":{\"name\":\"gadiros\",\"@id\":\"https:\\\/\\\/souss.digital\\\/en\\\/#\\\/schema\\\/person\\\/db06603b4409fd161629d332ecb1dc84\"},\"headline\":\"March\u00e9 des donn\u00e9es : EDI installe sa succursale MENA au Maroc \u00e0 Agadir\",\"datePublished\":\"2024-03-13T11:25:10+00:00\",\"dateModified\":\"2024-10-23T15:39:23+00:00\",\"mainEntityOfPage\":{\"@id\":\"https:\\\/\\\/souss.digital\\\/en\\\/2024\\\/03\\\/marche-des-donnees-edi-installe-sa-succursale-mena-au-maroc\\\/\"},\"wordCount\":342,\"publisher\":{\"@id\":\"https:\\\/\\\/souss.digital\\\/en\\\/#organization\"},\"image\":{\"@id\":\"https:\\\/\\\/souss.digital\\\/en\\\/2024\\\/03\\\/marche-des-donnees-edi-installe-sa-succursale-mena-au-maroc\\\/#primaryimage\"},\"thumbnailUrl\":\"https:\\\/\\\/souss.digital\\\/wp-content\\\/uploads\\\/2024\\\/03\\\/marche-des-donnees-edi-installe-sa-succursale-mena-au-maroc.jpg\",\"articleSection\":[\"Business\"],\"inLanguage\":\"en-US\"},{\"@type\":\"WebPage\",\"@id\":\"https:\\\/\\\/souss.digital\\\/en\\\/2024\\\/03\\\/marche-des-donnees-edi-installe-sa-succursale-mena-au-maroc\\\/\",\"url\":\"https:\\\/\\\/souss.digital\\\/en\\\/2024\\\/03\\\/marche-des-donnees-edi-installe-sa-succursale-mena-au-maroc\\\/\",\"name\":\"March\u00e9 des donn\u00e9es : EDI installe sa succursale MENA au Maroc \u00e0 Agadir - Souss Digital Gateway\",\"isPartOf\":{\"@id\":\"https:\\\/\\\/souss.digital\\\/en\\\/#website\"},\"primaryImageOfPage\":{\"@id\":\"https:\\\/\\\/souss.digital\\\/en\\\/2024\\\/03\\\/marche-des-donnees-edi-installe-sa-succursale-mena-au-maroc\\\/#primaryimage\"},\"image\":{\"@id\":\"https:\\\/\\\/souss.digital\\\/en\\\/2024\\\/03\\\/marche-des-donnees-edi-installe-sa-succursale-mena-au-maroc\\\/#primaryimage\"},\"thumbnailUrl\":\"https:\\\/\\\/souss.digital\\\/wp-content\\\/uploads\\\/2024\\\/03\\\/marche-des-donnees-edi-installe-sa-succursale-mena-au-maroc.jpg\",\"datePublished\":\"2024-03-13T11:25:10+00:00\",\"dateModified\":\"2024-10-23T15:39:23+00:00\",\"description\":\"March\u00e9 des donn\u00e9es : EDI installe sa succursale MENA au Maroc \u00e0 Agadir | Souss Digital Gateway\",\"breadcrumb\":{\"@id\":\"https:\\\/\\\/souss.digital\\\/en\\\/2024\\\/03\\\/marche-des-donnees-edi-installe-sa-succursale-mena-au-maroc\\\/#breadcrumb\"},\"inLanguage\":\"en-US\",\"potentialAction\":[{\"@type\":\"ReadAction\",\"target\":[\"https:\\\/\\\/souss.digital\\\/en\\\/2024\\\/03\\\/marche-des-donnees-edi-installe-sa-succursale-mena-au-maroc\\\/\"]}]},{\"@type\":\"ImageObject\",\"inLanguage\":\"en-US\",\"@id\":\"https:\\\/\\\/souss.digital\\\/en\\\/2024\\\/03\\\/marche-des-donnees-edi-installe-sa-succursale-mena-au-maroc\\\/#primaryimage\",\"url\":\"https:\\\/\\\/souss.digital\\\/wp-content\\\/uploads\\\/2024\\\/03\\\/marche-des-donnees-edi-installe-sa-succursale-mena-au-maroc.jpg\",\"contentUrl\":\"https:\\\/\\\/souss.digital\\\/wp-content\\\/uploads\\\/2024\\\/03\\\/marche-des-donnees-edi-installe-sa-succursale-mena-au-maroc.jpg\",\"width\":1080,\"height\":1080},{\"@type\":\"BreadcrumbList\",\"@id\":\"https:\\\/\\\/souss.digital\\\/en\\\/2024\\\/03\\\/marche-des-donnees-edi-installe-sa-succursale-mena-au-maroc\\\/#breadcrumb\",\"itemListElement\":[{\"@type\":\"ListItem\",\"position\":1,\"name\":\"Accueil\",\"item\":\"https:\\\/\\\/souss.digital\\\/en\\\/\"},{\"@type\":\"ListItem\",\"position\":2,\"name\":\"March\u00e9 des donn\u00e9es : EDI installe sa succursale MENA au Maroc \u00e0 Agadir\"}]},{\"@type\":\"WebSite\",\"@id\":\"https:\\\/\\\/souss.digital\\\/en\\\/#website\",\"url\":\"https:\\\/\\\/souss.digital\\\/en\\\/\",\"name\":\"Souss Digital Gateway\",\"description\":\"Your IT gateway to Souss Massa Region\",\"publisher\":{\"@id\":\"https:\\\/\\\/souss.digital\\\/en\\\/#organization\"},\"potentialAction\":[{\"@type\":\"SearchAction\",\"target\":{\"@type\":\"EntryPoint\",\"urlTemplate\":\"https:\\\/\\\/souss.digital\\\/en\\\/?s={search_term_string}\"},\"query-input\":{\"@type\":\"PropertyValueSpecification\",\"valueRequired\":true,\"valueName\":\"search_term_string\"}}],\"inLanguage\":\"en-US\"},{\"@type\":\"Organization\",\"@id\":\"https:\\\/\\\/souss.digital\\\/en\\\/#organization\",\"name\":\"Souss Digital Gateway\",\"url\":\"https:\\\/\\\/souss.digital\\\/en\\\/\",\"logo\":{\"@type\":\"ImageObject\",\"inLanguage\":\"en-US\",\"@id\":\"https:\\\/\\\/souss.digital\\\/en\\\/#\\\/schema\\\/logo\\\/image\\\/\",\"url\":\"https:\\\/\\\/souss.digital\\\/wp-content\\\/uploads\\\/2023\\\/08\\\/souss-digital-logo-fond-blanc-2.png\",\"contentUrl\":\"https:\\\/\\\/souss.digital\\\/wp-content\\\/uploads\\\/2023\\\/08\\\/souss-digital-logo-fond-blanc-2.png\",\"width\":612,\"height\":966,\"caption\":\"Souss Digital Gateway\"},\"image\":{\"@id\":\"https:\\\/\\\/souss.digital\\\/en\\\/#\\\/schema\\\/logo\\\/image\\\/\"},\"sameAs\":[\"https:\\\/\\\/web.facebook.com\\\/souss.digital.gateway\",\"https:\\\/\\\/x.com\\\/soussdigital\",\"https:\\\/\\\/www.instagram.com\\\/souss.digital.gateway\\\/\",\"https:\\\/\\\/www.linkedin.com\\\/company\\\/souss-digital-gateway\\\/\"]},{\"@type\":\"Person\",\"@id\":\"https:\\\/\\\/souss.digital\\\/en\\\/#\\\/schema\\\/person\\\/db06603b4409fd161629d332ecb1dc84\",\"name\":\"gadiros\",\"image\":{\"@type\":\"ImageObject\",\"inLanguage\":\"en-US\",\"@id\":\"https:\\\/\\\/secure.gravatar.com\\\/avatar\\\/9ee2e02fa65b15cc6908dbd562c96b7ad1a5afff3d08a499b528b0c33c7d84d8?s=96&d=mm&r=g\",\"url\":\"https:\\\/\\\/secure.gravatar.com\\\/avatar\\\/9ee2e02fa65b15cc6908dbd562c96b7ad1a5afff3d08a499b528b0c33c7d84d8?s=96&d=mm&r=g\",\"contentUrl\":\"https:\\\/\\\/secure.gravatar.com\\\/avatar\\\/9ee2e02fa65b15cc6908dbd562c96b7ad1a5afff3d08a499b528b0c33c7d84d8?s=96&d=mm&r=g\",\"caption\":\"gadiros\"},\"sameAs\":[\"https:\\\/\\\/souss.digital\"]}]}<\/script>\n<!-- \/ Yoast SEO plugin. -->","yoast_head_json":{"title":"March\u00e9 des donn\u00e9es : EDI installe sa succursale MENA au Maroc \u00e0 Agadir - Souss Digital Gateway","description":"March\u00e9 des donn\u00e9es : EDI installe sa succursale MENA au Maroc \u00e0 Agadir | Souss Digital Gateway","robots":{"index":"index","follow":"follow","max-snippet":"max-snippet:-1","max-image-preview":"max-image-preview:large","max-video-preview":"max-video-preview:-1"},"canonical":"https:\/\/souss.digital\/en\/2024\/03\/marche-des-donnees-edi-installe-sa-succursale-mena-au-maroc\/","og_locale":"en_US","og_type":"article","og_title":"March\u00e9 des donn\u00e9es : EDI installe sa succursale MENA au Maroc \u00e0 Agadir - Souss Digital Gateway","og_description":"March\u00e9 des donn\u00e9es : EDI installe sa succursale MENA au Maroc \u00e0 Agadir | Souss Digital Gateway","og_url":"https:\/\/souss.digital\/en\/2024\/03\/marche-des-donnees-edi-installe-sa-succursale-mena-au-maroc\/","og_site_name":"Souss Digital Gateway","article_publisher":"https:\/\/web.facebook.com\/souss.digital.gateway","article_published_time":"2024-03-13T11:25:10+00:00","article_modified_time":"2024-10-23T15:39:23+00:00","og_image":[{"width":1080,"height":1080,"url":"https:\/\/souss.digital\/wp-content\/uploads\/2024\/03\/marche-des-donnees-edi-installe-sa-succursale-mena-au-maroc.jpg","type":"image\/jpeg"}],"author":"gadiros","twitter_card":"summary_large_image","twitter_creator":"@soussdigital","twitter_site":"@soussdigital","schema":{"@context":"https:\/\/schema.org","@graph":[{"@type":"Article","@id":"https:\/\/souss.digital\/en\/2024\/03\/marche-des-donnees-edi-installe-sa-succursale-mena-au-maroc\/#article","isPartOf":{"@id":"https:\/\/souss.digital\/en\/2024\/03\/marche-des-donnees-edi-installe-sa-succursale-mena-au-maroc\/"},"author":{"name":"gadiros","@id":"https:\/\/souss.digital\/en\/#\/schema\/person\/db06603b4409fd161629d332ecb1dc84"},"headline":"March\u00e9 des donn\u00e9es : EDI installe sa succursale MENA au Maroc \u00e0 Agadir","datePublished":"2024-03-13T11:25:10+00:00","dateModified":"2024-10-23T15:39:23+00:00","mainEntityOfPage":{"@id":"https:\/\/souss.digital\/en\/2024\/03\/marche-des-donnees-edi-installe-sa-succursale-mena-au-maroc\/"},"wordCount":342,"publisher":{"@id":"https:\/\/souss.digital\/en\/#organization"},"image":{"@id":"https:\/\/souss.digital\/en\/2024\/03\/marche-des-donnees-edi-installe-sa-succursale-mena-au-maroc\/#primaryimage"},"thumbnailUrl":"https:\/\/souss.digital\/wp-content\/uploads\/2024\/03\/marche-des-donnees-edi-installe-sa-succursale-mena-au-maroc.jpg","articleSection":["Business"],"inLanguage":"en-US"},{"@type":"WebPage","@id":"https:\/\/souss.digital\/en\/2024\/03\/marche-des-donnees-edi-installe-sa-succursale-mena-au-maroc\/","url":"https:\/\/souss.digital\/en\/2024\/03\/marche-des-donnees-edi-installe-sa-succursale-mena-au-maroc\/","name":"March\u00e9 des donn\u00e9es : EDI installe sa succursale MENA au Maroc \u00e0 Agadir - Souss Digital Gateway","isPartOf":{"@id":"https:\/\/souss.digital\/en\/#website"},"primaryImageOfPage":{"@id":"https:\/\/souss.digital\/en\/2024\/03\/marche-des-donnees-edi-installe-sa-succursale-mena-au-maroc\/#primaryimage"},"image":{"@id":"https:\/\/souss.digital\/en\/2024\/03\/marche-des-donnees-edi-installe-sa-succursale-mena-au-maroc\/#primaryimage"},"thumbnailUrl":"https:\/\/souss.digital\/wp-content\/uploads\/2024\/03\/marche-des-donnees-edi-installe-sa-succursale-mena-au-maroc.jpg","datePublished":"2024-03-13T11:25:10+00:00","dateModified":"2024-10-23T15:39:23+00:00","description":"March\u00e9 des donn\u00e9es : EDI installe sa succursale MENA au Maroc \u00e0 Agadir | Souss Digital Gateway","breadcrumb":{"@id":"https:\/\/souss.digital\/en\/2024\/03\/marche-des-donnees-edi-installe-sa-succursale-mena-au-maroc\/#breadcrumb"},"inLanguage":"en-US","potentialAction":[{"@type":"ReadAction","target":["https:\/\/souss.digital\/en\/2024\/03\/marche-des-donnees-edi-installe-sa-succursale-mena-au-maroc\/"]}]},{"@type":"ImageObject","inLanguage":"en-US","@id":"https:\/\/souss.digital\/en\/2024\/03\/marche-des-donnees-edi-installe-sa-succursale-mena-au-maroc\/#primaryimage","url":"https:\/\/souss.digital\/wp-content\/uploads\/2024\/03\/marche-des-donnees-edi-installe-sa-succursale-mena-au-maroc.jpg","contentUrl":"https:\/\/souss.digital\/wp-content\/uploads\/2024\/03\/marche-des-donnees-edi-installe-sa-succursale-mena-au-maroc.jpg","width":1080,"height":1080},{"@type":"BreadcrumbList","@id":"https:\/\/souss.digital\/en\/2024\/03\/marche-des-donnees-edi-installe-sa-succursale-mena-au-maroc\/#breadcrumb","itemListElement":[{"@type":"ListItem","position":1,"name":"Accueil","item":"https:\/\/souss.digital\/en\/"},{"@type":"ListItem","position":2,"name":"March\u00e9 des donn\u00e9es : EDI installe sa succursale MENA au Maroc \u00e0 Agadir"}]},{"@type":"WebSite","@id":"https:\/\/souss.digital\/en\/#website","url":"https:\/\/souss.digital\/en\/","name":"Souss Digital Gateway","description":"Your IT gateway to Souss Massa Region","publisher":{"@id":"https:\/\/souss.digital\/en\/#organization"},"potentialAction":[{"@type":"SearchAction","target":{"@type":"EntryPoint","urlTemplate":"https:\/\/souss.digital\/en\/?s={search_term_string}"},"query-input":{"@type":"PropertyValueSpecification","valueRequired":true,"valueName":"search_term_string"}}],"inLanguage":"en-US"},{"@type":"Organization","@id":"https:\/\/souss.digital\/en\/#organization","name":"Souss Digital Gateway","url":"https:\/\/souss.digital\/en\/","logo":{"@type":"ImageObject","inLanguage":"en-US","@id":"https:\/\/souss.digital\/en\/#\/schema\/logo\/image\/","url":"https:\/\/souss.digital\/wp-content\/uploads\/2023\/08\/souss-digital-logo-fond-blanc-2.png","contentUrl":"https:\/\/souss.digital\/wp-content\/uploads\/2023\/08\/souss-digital-logo-fond-blanc-2.png","width":612,"height":966,"caption":"Souss Digital Gateway"},"image":{"@id":"https:\/\/souss.digital\/en\/#\/schema\/logo\/image\/"},"sameAs":["https:\/\/web.facebook.com\/souss.digital.gateway","https:\/\/x.com\/soussdigital","https:\/\/www.instagram.com\/souss.digital.gateway\/","https:\/\/www.linkedin.com\/company\/souss-digital-gateway\/"]},{"@type":"Person","@id":"https:\/\/souss.digital\/en\/#\/schema\/person\/db06603b4409fd161629d332ecb1dc84","name":"gadiros","image":{"@type":"ImageObject","inLanguage":"en-US","@id":"https:\/\/secure.gravatar.com\/avatar\/9ee2e02fa65b15cc6908dbd562c96b7ad1a5afff3d08a499b528b0c33c7d84d8?s=96&d=mm&r=g","url":"https:\/\/secure.gravatar.com\/avatar\/9ee2e02fa65b15cc6908dbd562c96b7ad1a5afff3d08a499b528b0c33c7d84d8?s=96&d=mm&r=g","contentUrl":"https:\/\/secure.gravatar.com\/avatar\/9ee2e02fa65b15cc6908dbd562c96b7ad1a5afff3d08a499b528b0c33c7d84d8?s=96&d=mm&r=g","caption":"gadiros"},"sameAs":["https:\/\/souss.digital"]}]}},"_links":{"self":[{"href":"https:\/\/souss.digital\/en\/wp-json\/wp\/v2\/posts\/1882","targetHints":{"allow":["GET"]}}],"collection":[{"href":"https:\/\/souss.digital\/en\/wp-json\/wp\/v2\/posts"}],"about":[{"href":"https:\/\/souss.digital\/en\/wp-json\/wp\/v2\/types\/post"}],"author":[{"embeddable":true,"href":"https:\/\/souss.digital\/en\/wp-json\/wp\/v2\/users\/1"}],"replies":[{"embeddable":true,"href":"https:\/\/souss.digital\/en\/wp-json\/wp\/v2\/comments?post=1882"}],"version-history":[{"count":1,"href":"https:\/\/souss.digital\/en\/wp-json\/wp\/v2\/posts\/1882\/revisions"}],"predecessor-version":[{"id":2589,"href":"https:\/\/souss.digital\/en\/wp-json\/wp\/v2\/posts\/1882\/revisions\/2589"}],"wp:featuredmedia":[{"embeddable":true,"href":"https:\/\/souss.digital\/en\/wp-json\/wp\/v2\/media\/1710"}],"wp:attachment":[{"href":"https:\/\/souss.digital\/en\/wp-json\/wp\/v2\/media?parent=1882"}],"wp:term":[{"taxonomy":"category","embeddable":true,"href":"https:\/\/souss.digital\/en\/wp-json\/wp\/v2\/categories?post=1882"},{"taxonomy":"post_tag","embeddable":true,"href":"https:\/\/souss.digital\/en\/wp-json\/wp\/v2\/tags?post=1882"}],"curies":[{"name":"wp","href":"https:\/\/api.w.org\/{rel}","templated":true}]}}