{"id":1889,"date":"2024-02-19T12:26:36","date_gmt":"2024-02-19T11:26:36","guid":{"rendered":"https:\/\/souss.digital\/2024\/02\/le-port-sec-dagadir-sinstalle-dans-la-zone-dacceleration-industrielle-du-souss-massa-entretien-avec-driss-boutti\/"},"modified":"2024-10-23T16:39:39","modified_gmt":"2024-10-23T15:39:39","slug":"le-port-sec-dagadir-sinstalle-dans-la-zone-dacceleration-industrielle-du-souss-massa-entretien-avec-driss-boutti","status":"publish","type":"post","link":"https:\/\/souss.digital\/en\/2024\/02\/le-port-sec-dagadir-sinstalle-dans-la-zone-dacceleration-industrielle-du-souss-massa-entretien-avec-driss-boutti\/","title":{"rendered":"LE PORT SEC D\u2019AGADIR s\u2019installe dans la Zone d\u2019Acc\u00e9l\u00e9ration Industrielle du Souss Massa \u2013 Entretien avec Driss Boutti"},"content":{"rendered":"<p>Le port sec d&#8217;Agadir Souss Massa, \u00e9tendu sur plus de 100 hectares, rev\u00eat une importance significative pour la r\u00e9gion et sa Zone d&#8217;Acc\u00e9l\u00e9ration Industrielle (ZAI), selon Driss Boutti, Pr\u00e9sident de la CGEM d\u2019Agadir Souss Massa.<\/p>\n<p>&nbsp;<\/p>\n<p>L&#8217;installation pr\u00e9vue du port sec au sein de la ZAI promet des avantages consid\u00e9rables. Tout d&#8217;abord, elle dynamisera cet espace en lui conf\u00e9rant des avantages fiscaux pour attirer davantage d&#8217;investisseurs. De plus, elle permettra \u00e0 la r\u00e9gion d&#8217;acqu\u00e9rir une dimension africaine, renfor\u00e7ant ainsi son r\u00f4le de levier de d\u00e9veloppement. La R\u00e9gion Agadir Souss Massa, contribuant \u00e0 hauteur de 6,7% au PIB national, aspire \u00e0 consolider sa cr\u00e9ation de valeur ajout\u00e9e, notamment dans les domaines de l&#8217;import-export qui \u00e9chappent actuellement \u00e0 son potentiel \u00e9conomique.<\/p>\n<p>&nbsp;<\/p>\n<p>Les \u00e9tudes n\u00e9cessaires pour concr\u00e9tiser ce projet, incluant le business plan et les \u00e9tudes techniques et de faisabilit\u00e9, sont d\u00e9j\u00e0 achev\u00e9es. Tanger Med Engineering, une filiale de l&#8217;Agence Sp\u00e9ciale Tanger M\u00e9diterran\u00e9e, supervisera la gestion du port sec apr\u00e8s sa mise en fonctionnement. L&#8217;objectif est de positionner Agadir en tant que plaque tournante r\u00e9gionale, am\u00e9liorant ainsi son rang parmi les r\u00e9gions cr\u00e9atrices de richesse.<\/p>\n","protected":false},"excerpt":{"rendered":"<p>Le port sec d&#8217;Agadir Souss Massa, \u00e9tendu sur plus de 100 hectares, rev\u00eat une importance significative pour la r\u00e9gion et sa Zone d&#8217;Acc\u00e9l\u00e9ration Industrielle (ZAI), selon Driss Boutti, Pr\u00e9sident de la CGEM d\u2019Agadir Souss Massa. &nbsp; L&#8217;installation pr\u00e9vue du port sec au sein de la ZAI promet des avantages consid\u00e9rables. Tout d&#8217;abord, elle dynamisera cet [&hellip;]<\/p>\n","protected":false},"author":1,"featured_media":1705,"comment_status":"closed","ping_status":"open","sticky":false,"template":"","format":"standard","meta":{"_acf_changed":false,"footnotes":""},"categories":[24],"tags":[],"class_list":["post-1889","post","type-post","status-publish","format-standard","has-post-thumbnail","hentry","category-business-en"],"acf":[],"yoast_head":"<!-- This site is optimized with the Yoast SEO plugin v27.4 - https:\/\/yoast.com\/product\/yoast-seo-wordpress\/ -->\n<title>LE PORT SEC D\u2019AGADIR s\u2019installe dans la Zone d\u2019Acc\u00e9l\u00e9ration Industrielle du Souss Massa \u2013 Entretien avec Driss Boutti - Souss Digital Gateway<\/title>\n<meta name=\"description\" content=\"LE PORT SEC D\u2019AGADIR s\u2019installe dans la Zone d\u2019Acc\u00e9l\u00e9ration Industrielle du Souss Massa \u2013 Entretien avec Driss Boutti Business | Souss Digital Gateway\" \/>\n<meta name=\"robots\" content=\"index, follow, max-snippet:-1, max-image-preview:large, max-video-preview:-1\" \/>\n<link rel=\"canonical\" href=\"https:\/\/souss.digital\/en\/2024\/02\/le-port-sec-dagadir-sinstalle-dans-la-zone-dacceleration-industrielle-du-souss-massa-entretien-avec-driss-boutti\/\" \/>\n<meta property=\"og:locale\" content=\"en_US\" \/>\n<meta property=\"og:type\" content=\"article\" \/>\n<meta property=\"og:title\" content=\"LE PORT SEC D\u2019AGADIR s\u2019installe dans la Zone d\u2019Acc\u00e9l\u00e9ration Industrielle du Souss Massa \u2013 Entretien avec Driss Boutti - Souss Digital Gateway\" \/>\n<meta property=\"og:description\" content=\"LE PORT SEC D\u2019AGADIR s\u2019installe dans la Zone d\u2019Acc\u00e9l\u00e9ration Industrielle du Souss Massa \u2013 Entretien avec Driss Boutti Business | Souss Digital Gateway\" \/>\n<meta property=\"og:url\" content=\"https:\/\/souss.digital\/en\/2024\/02\/le-port-sec-dagadir-sinstalle-dans-la-zone-dacceleration-industrielle-du-souss-massa-entretien-avec-driss-boutti\/\" \/>\n<meta property=\"og:site_name\" content=\"Souss Digital Gateway\" \/>\n<meta property=\"article:publisher\" content=\"https:\/\/web.facebook.com\/souss.digital.gateway\" \/>\n<meta property=\"article:published_time\" content=\"2024-02-19T11:26:36+00:00\" \/>\n<meta property=\"article:modified_time\" content=\"2024-10-23T15:39:39+00:00\" \/>\n<meta property=\"og:image\" content=\"https:\/\/souss.digital\/wp-content\/uploads\/2024\/02\/le-port-sec-dagadir-sinstalle-dans-la-zone-dacceleration-industrielle-du-souss-massa-entretien-avec-driss-boutti.jpg\" \/>\n\t<meta property=\"og:image:width\" content=\"1080\" \/>\n\t<meta property=\"og:image:height\" content=\"1080\" \/>\n\t<meta property=\"og:image:type\" content=\"image\/jpeg\" \/>\n<meta name=\"author\" content=\"gadiros\" \/>\n<meta name=\"twitter:card\" content=\"summary_large_image\" \/>\n<meta name=\"twitter:creator\" content=\"@soussdigital\" \/>\n<meta name=\"twitter:site\" content=\"@soussdigital\" \/>\n<script type=\"application\/ld+json\" class=\"yoast-schema-graph\">{\"@context\":\"https:\\\/\\\/schema.org\",\"@graph\":[{\"@type\":\"Article\",\"@id\":\"https:\\\/\\\/souss.digital\\\/en\\\/2024\\\/02\\\/le-port-sec-dagadir-sinstalle-dans-la-zone-dacceleration-industrielle-du-souss-massa-entretien-avec-driss-boutti\\\/#article\",\"isPartOf\":{\"@id\":\"https:\\\/\\\/souss.digital\\\/en\\\/2024\\\/02\\\/le-port-sec-dagadir-sinstalle-dans-la-zone-dacceleration-industrielle-du-souss-massa-entretien-avec-driss-boutti\\\/\"},\"author\":{\"name\":\"gadiros\",\"@id\":\"https:\\\/\\\/souss.digital\\\/en\\\/#\\\/schema\\\/person\\\/db06603b4409fd161629d332ecb1dc84\"},\"headline\":\"LE PORT SEC D\u2019AGADIR s\u2019installe dans la Zone d\u2019Acc\u00e9l\u00e9ration Industrielle du Souss Massa \u2013 Entretien avec Driss Boutti\",\"datePublished\":\"2024-02-19T11:26:36+00:00\",\"dateModified\":\"2024-10-23T15:39:39+00:00\",\"mainEntityOfPage\":{\"@id\":\"https:\\\/\\\/souss.digital\\\/en\\\/2024\\\/02\\\/le-port-sec-dagadir-sinstalle-dans-la-zone-dacceleration-industrielle-du-souss-massa-entretien-avec-driss-boutti\\\/\"},\"wordCount\":237,\"publisher\":{\"@id\":\"https:\\\/\\\/souss.digital\\\/en\\\/#organization\"},\"image\":{\"@id\":\"https:\\\/\\\/souss.digital\\\/en\\\/2024\\\/02\\\/le-port-sec-dagadir-sinstalle-dans-la-zone-dacceleration-industrielle-du-souss-massa-entretien-avec-driss-boutti\\\/#primaryimage\"},\"thumbnailUrl\":\"https:\\\/\\\/souss.digital\\\/wp-content\\\/uploads\\\/2024\\\/02\\\/le-port-sec-dagadir-sinstalle-dans-la-zone-dacceleration-industrielle-du-souss-massa-entretien-avec-driss-boutti.jpg\",\"articleSection\":[\"Business\"],\"inLanguage\":\"en-US\"},{\"@type\":\"WebPage\",\"@id\":\"https:\\\/\\\/souss.digital\\\/en\\\/2024\\\/02\\\/le-port-sec-dagadir-sinstalle-dans-la-zone-dacceleration-industrielle-du-souss-massa-entretien-avec-driss-boutti\\\/\",\"url\":\"https:\\\/\\\/souss.digital\\\/en\\\/2024\\\/02\\\/le-port-sec-dagadir-sinstalle-dans-la-zone-dacceleration-industrielle-du-souss-massa-entretien-avec-driss-boutti\\\/\",\"name\":\"LE PORT SEC D\u2019AGADIR s\u2019installe dans la Zone d\u2019Acc\u00e9l\u00e9ration Industrielle du Souss Massa \u2013 Entretien avec Driss Boutti - Souss Digital Gateway\",\"isPartOf\":{\"@id\":\"https:\\\/\\\/souss.digital\\\/en\\\/#website\"},\"primaryImageOfPage\":{\"@id\":\"https:\\\/\\\/souss.digital\\\/en\\\/2024\\\/02\\\/le-port-sec-dagadir-sinstalle-dans-la-zone-dacceleration-industrielle-du-souss-massa-entretien-avec-driss-boutti\\\/#primaryimage\"},\"image\":{\"@id\":\"https:\\\/\\\/souss.digital\\\/en\\\/2024\\\/02\\\/le-port-sec-dagadir-sinstalle-dans-la-zone-dacceleration-industrielle-du-souss-massa-entretien-avec-driss-boutti\\\/#primaryimage\"},\"thumbnailUrl\":\"https:\\\/\\\/souss.digital\\\/wp-content\\\/uploads\\\/2024\\\/02\\\/le-port-sec-dagadir-sinstalle-dans-la-zone-dacceleration-industrielle-du-souss-massa-entretien-avec-driss-boutti.jpg\",\"datePublished\":\"2024-02-19T11:26:36+00:00\",\"dateModified\":\"2024-10-23T15:39:39+00:00\",\"description\":\"LE PORT SEC D\u2019AGADIR s\u2019installe dans la Zone d\u2019Acc\u00e9l\u00e9ration Industrielle du Souss Massa \u2013 Entretien avec Driss Boutti Business | Souss Digital Gateway\",\"breadcrumb\":{\"@id\":\"https:\\\/\\\/souss.digital\\\/en\\\/2024\\\/02\\\/le-port-sec-dagadir-sinstalle-dans-la-zone-dacceleration-industrielle-du-souss-massa-entretien-avec-driss-boutti\\\/#breadcrumb\"},\"inLanguage\":\"en-US\",\"potentialAction\":[{\"@type\":\"ReadAction\",\"target\":[\"https:\\\/\\\/souss.digital\\\/en\\\/2024\\\/02\\\/le-port-sec-dagadir-sinstalle-dans-la-zone-dacceleration-industrielle-du-souss-massa-entretien-avec-driss-boutti\\\/\"]}]},{\"@type\":\"ImageObject\",\"inLanguage\":\"en-US\",\"@id\":\"https:\\\/\\\/souss.digital\\\/en\\\/2024\\\/02\\\/le-port-sec-dagadir-sinstalle-dans-la-zone-dacceleration-industrielle-du-souss-massa-entretien-avec-driss-boutti\\\/#primaryimage\",\"url\":\"https:\\\/\\\/souss.digital\\\/wp-content\\\/uploads\\\/2024\\\/02\\\/le-port-sec-dagadir-sinstalle-dans-la-zone-dacceleration-industrielle-du-souss-massa-entretien-avec-driss-boutti.jpg\",\"contentUrl\":\"https:\\\/\\\/souss.digital\\\/wp-content\\\/uploads\\\/2024\\\/02\\\/le-port-sec-dagadir-sinstalle-dans-la-zone-dacceleration-industrielle-du-souss-massa-entretien-avec-driss-boutti.jpg\",\"width\":1080,\"height\":1080},{\"@type\":\"BreadcrumbList\",\"@id\":\"https:\\\/\\\/souss.digital\\\/en\\\/2024\\\/02\\\/le-port-sec-dagadir-sinstalle-dans-la-zone-dacceleration-industrielle-du-souss-massa-entretien-avec-driss-boutti\\\/#breadcrumb\",\"itemListElement\":[{\"@type\":\"ListItem\",\"position\":1,\"name\":\"Accueil\",\"item\":\"https:\\\/\\\/souss.digital\\\/en\\\/\"},{\"@type\":\"ListItem\",\"position\":2,\"name\":\"LE PORT SEC D\u2019AGADIR s\u2019installe dans la Zone d\u2019Acc\u00e9l\u00e9ration Industrielle du Souss Massa \u2013 Entretien avec Driss Boutti\"}]},{\"@type\":\"WebSite\",\"@id\":\"https:\\\/\\\/souss.digital\\\/en\\\/#website\",\"url\":\"https:\\\/\\\/souss.digital\\\/en\\\/\",\"name\":\"Souss Digital Gateway\",\"description\":\"Your IT gateway to Souss Massa Region\",\"publisher\":{\"@id\":\"https:\\\/\\\/souss.digital\\\/en\\\/#organization\"},\"potentialAction\":[{\"@type\":\"SearchAction\",\"target\":{\"@type\":\"EntryPoint\",\"urlTemplate\":\"https:\\\/\\\/souss.digital\\\/en\\\/?s={search_term_string}\"},\"query-input\":{\"@type\":\"PropertyValueSpecification\",\"valueRequired\":true,\"valueName\":\"search_term_string\"}}],\"inLanguage\":\"en-US\"},{\"@type\":\"Organization\",\"@id\":\"https:\\\/\\\/souss.digital\\\/en\\\/#organization\",\"name\":\"Souss Digital Gateway\",\"url\":\"https:\\\/\\\/souss.digital\\\/en\\\/\",\"logo\":{\"@type\":\"ImageObject\",\"inLanguage\":\"en-US\",\"@id\":\"https:\\\/\\\/souss.digital\\\/en\\\/#\\\/schema\\\/logo\\\/image\\\/\",\"url\":\"https:\\\/\\\/souss.digital\\\/wp-content\\\/uploads\\\/2023\\\/08\\\/souss-digital-logo-fond-blanc-2.png\",\"contentUrl\":\"https:\\\/\\\/souss.digital\\\/wp-content\\\/uploads\\\/2023\\\/08\\\/souss-digital-logo-fond-blanc-2.png\",\"width\":612,\"height\":966,\"caption\":\"Souss Digital Gateway\"},\"image\":{\"@id\":\"https:\\\/\\\/souss.digital\\\/en\\\/#\\\/schema\\\/logo\\\/image\\\/\"},\"sameAs\":[\"https:\\\/\\\/web.facebook.com\\\/souss.digital.gateway\",\"https:\\\/\\\/x.com\\\/soussdigital\",\"https:\\\/\\\/www.instagram.com\\\/souss.digital.gateway\\\/\",\"https:\\\/\\\/www.linkedin.com\\\/company\\\/souss-digital-gateway\\\/\"]},{\"@type\":\"Person\",\"@id\":\"https:\\\/\\\/souss.digital\\\/en\\\/#\\\/schema\\\/person\\\/db06603b4409fd161629d332ecb1dc84\",\"name\":\"gadiros\",\"image\":{\"@type\":\"ImageObject\",\"inLanguage\":\"en-US\",\"@id\":\"https:\\\/\\\/secure.gravatar.com\\\/avatar\\\/9ee2e02fa65b15cc6908dbd562c96b7ad1a5afff3d08a499b528b0c33c7d84d8?s=96&d=mm&r=g\",\"url\":\"https:\\\/\\\/secure.gravatar.com\\\/avatar\\\/9ee2e02fa65b15cc6908dbd562c96b7ad1a5afff3d08a499b528b0c33c7d84d8?s=96&d=mm&r=g\",\"contentUrl\":\"https:\\\/\\\/secure.gravatar.com\\\/avatar\\\/9ee2e02fa65b15cc6908dbd562c96b7ad1a5afff3d08a499b528b0c33c7d84d8?s=96&d=mm&r=g\",\"caption\":\"gadiros\"},\"sameAs\":[\"https:\\\/\\\/souss.digital\"]}]}<\/script>\n<!-- \/ Yoast SEO plugin. -->","yoast_head_json":{"title":"LE PORT SEC D\u2019AGADIR s\u2019installe dans la Zone d\u2019Acc\u00e9l\u00e9ration Industrielle du Souss Massa \u2013 Entretien avec Driss Boutti - Souss Digital Gateway","description":"LE PORT SEC D\u2019AGADIR s\u2019installe dans la Zone d\u2019Acc\u00e9l\u00e9ration Industrielle du Souss Massa \u2013 Entretien avec Driss Boutti Business | Souss Digital Gateway","robots":{"index":"index","follow":"follow","max-snippet":"max-snippet:-1","max-image-preview":"max-image-preview:large","max-video-preview":"max-video-preview:-1"},"canonical":"https:\/\/souss.digital\/en\/2024\/02\/le-port-sec-dagadir-sinstalle-dans-la-zone-dacceleration-industrielle-du-souss-massa-entretien-avec-driss-boutti\/","og_locale":"en_US","og_type":"article","og_title":"LE PORT SEC D\u2019AGADIR s\u2019installe dans la Zone d\u2019Acc\u00e9l\u00e9ration Industrielle du Souss Massa \u2013 Entretien avec Driss Boutti - Souss Digital Gateway","og_description":"LE PORT SEC D\u2019AGADIR s\u2019installe dans la Zone d\u2019Acc\u00e9l\u00e9ration Industrielle du Souss Massa \u2013 Entretien avec Driss Boutti Business | Souss Digital Gateway","og_url":"https:\/\/souss.digital\/en\/2024\/02\/le-port-sec-dagadir-sinstalle-dans-la-zone-dacceleration-industrielle-du-souss-massa-entretien-avec-driss-boutti\/","og_site_name":"Souss Digital Gateway","article_publisher":"https:\/\/web.facebook.com\/souss.digital.gateway","article_published_time":"2024-02-19T11:26:36+00:00","article_modified_time":"2024-10-23T15:39:39+00:00","og_image":[{"width":1080,"height":1080,"url":"https:\/\/souss.digital\/wp-content\/uploads\/2024\/02\/le-port-sec-dagadir-sinstalle-dans-la-zone-dacceleration-industrielle-du-souss-massa-entretien-avec-driss-boutti.jpg","type":"image\/jpeg"}],"author":"gadiros","twitter_card":"summary_large_image","twitter_creator":"@soussdigital","twitter_site":"@soussdigital","schema":{"@context":"https:\/\/schema.org","@graph":[{"@type":"Article","@id":"https:\/\/souss.digital\/en\/2024\/02\/le-port-sec-dagadir-sinstalle-dans-la-zone-dacceleration-industrielle-du-souss-massa-entretien-avec-driss-boutti\/#article","isPartOf":{"@id":"https:\/\/souss.digital\/en\/2024\/02\/le-port-sec-dagadir-sinstalle-dans-la-zone-dacceleration-industrielle-du-souss-massa-entretien-avec-driss-boutti\/"},"author":{"name":"gadiros","@id":"https:\/\/souss.digital\/en\/#\/schema\/person\/db06603b4409fd161629d332ecb1dc84"},"headline":"LE PORT SEC D\u2019AGADIR s\u2019installe dans la Zone d\u2019Acc\u00e9l\u00e9ration Industrielle du Souss Massa \u2013 Entretien avec Driss Boutti","datePublished":"2024-02-19T11:26:36+00:00","dateModified":"2024-10-23T15:39:39+00:00","mainEntityOfPage":{"@id":"https:\/\/souss.digital\/en\/2024\/02\/le-port-sec-dagadir-sinstalle-dans-la-zone-dacceleration-industrielle-du-souss-massa-entretien-avec-driss-boutti\/"},"wordCount":237,"publisher":{"@id":"https:\/\/souss.digital\/en\/#organization"},"image":{"@id":"https:\/\/souss.digital\/en\/2024\/02\/le-port-sec-dagadir-sinstalle-dans-la-zone-dacceleration-industrielle-du-souss-massa-entretien-avec-driss-boutti\/#primaryimage"},"thumbnailUrl":"https:\/\/souss.digital\/wp-content\/uploads\/2024\/02\/le-port-sec-dagadir-sinstalle-dans-la-zone-dacceleration-industrielle-du-souss-massa-entretien-avec-driss-boutti.jpg","articleSection":["Business"],"inLanguage":"en-US"},{"@type":"WebPage","@id":"https:\/\/souss.digital\/en\/2024\/02\/le-port-sec-dagadir-sinstalle-dans-la-zone-dacceleration-industrielle-du-souss-massa-entretien-avec-driss-boutti\/","url":"https:\/\/souss.digital\/en\/2024\/02\/le-port-sec-dagadir-sinstalle-dans-la-zone-dacceleration-industrielle-du-souss-massa-entretien-avec-driss-boutti\/","name":"LE PORT SEC D\u2019AGADIR s\u2019installe dans la Zone d\u2019Acc\u00e9l\u00e9ration Industrielle du Souss Massa \u2013 Entretien avec Driss Boutti - Souss Digital Gateway","isPartOf":{"@id":"https:\/\/souss.digital\/en\/#website"},"primaryImageOfPage":{"@id":"https:\/\/souss.digital\/en\/2024\/02\/le-port-sec-dagadir-sinstalle-dans-la-zone-dacceleration-industrielle-du-souss-massa-entretien-avec-driss-boutti\/#primaryimage"},"image":{"@id":"https:\/\/souss.digital\/en\/2024\/02\/le-port-sec-dagadir-sinstalle-dans-la-zone-dacceleration-industrielle-du-souss-massa-entretien-avec-driss-boutti\/#primaryimage"},"thumbnailUrl":"https:\/\/souss.digital\/wp-content\/uploads\/2024\/02\/le-port-sec-dagadir-sinstalle-dans-la-zone-dacceleration-industrielle-du-souss-massa-entretien-avec-driss-boutti.jpg","datePublished":"2024-02-19T11:26:36+00:00","dateModified":"2024-10-23T15:39:39+00:00","description":"LE PORT SEC D\u2019AGADIR s\u2019installe dans la Zone d\u2019Acc\u00e9l\u00e9ration Industrielle du Souss Massa \u2013 Entretien avec Driss Boutti Business | Souss Digital Gateway","breadcrumb":{"@id":"https:\/\/souss.digital\/en\/2024\/02\/le-port-sec-dagadir-sinstalle-dans-la-zone-dacceleration-industrielle-du-souss-massa-entretien-avec-driss-boutti\/#breadcrumb"},"inLanguage":"en-US","potentialAction":[{"@type":"ReadAction","target":["https:\/\/souss.digital\/en\/2024\/02\/le-port-sec-dagadir-sinstalle-dans-la-zone-dacceleration-industrielle-du-souss-massa-entretien-avec-driss-boutti\/"]}]},{"@type":"ImageObject","inLanguage":"en-US","@id":"https:\/\/souss.digital\/en\/2024\/02\/le-port-sec-dagadir-sinstalle-dans-la-zone-dacceleration-industrielle-du-souss-massa-entretien-avec-driss-boutti\/#primaryimage","url":"https:\/\/souss.digital\/wp-content\/uploads\/2024\/02\/le-port-sec-dagadir-sinstalle-dans-la-zone-dacceleration-industrielle-du-souss-massa-entretien-avec-driss-boutti.jpg","contentUrl":"https:\/\/souss.digital\/wp-content\/uploads\/2024\/02\/le-port-sec-dagadir-sinstalle-dans-la-zone-dacceleration-industrielle-du-souss-massa-entretien-avec-driss-boutti.jpg","width":1080,"height":1080},{"@type":"BreadcrumbList","@id":"https:\/\/souss.digital\/en\/2024\/02\/le-port-sec-dagadir-sinstalle-dans-la-zone-dacceleration-industrielle-du-souss-massa-entretien-avec-driss-boutti\/#breadcrumb","itemListElement":[{"@type":"ListItem","position":1,"name":"Accueil","item":"https:\/\/souss.digital\/en\/"},{"@type":"ListItem","position":2,"name":"LE PORT SEC D\u2019AGADIR s\u2019installe dans la Zone d\u2019Acc\u00e9l\u00e9ration Industrielle du Souss Massa \u2013 Entretien avec Driss Boutti"}]},{"@type":"WebSite","@id":"https:\/\/souss.digital\/en\/#website","url":"https:\/\/souss.digital\/en\/","name":"Souss Digital Gateway","description":"Your IT gateway to Souss Massa Region","publisher":{"@id":"https:\/\/souss.digital\/en\/#organization"},"potentialAction":[{"@type":"SearchAction","target":{"@type":"EntryPoint","urlTemplate":"https:\/\/souss.digital\/en\/?s={search_term_string}"},"query-input":{"@type":"PropertyValueSpecification","valueRequired":true,"valueName":"search_term_string"}}],"inLanguage":"en-US"},{"@type":"Organization","@id":"https:\/\/souss.digital\/en\/#organization","name":"Souss Digital Gateway","url":"https:\/\/souss.digital\/en\/","logo":{"@type":"ImageObject","inLanguage":"en-US","@id":"https:\/\/souss.digital\/en\/#\/schema\/logo\/image\/","url":"https:\/\/souss.digital\/wp-content\/uploads\/2023\/08\/souss-digital-logo-fond-blanc-2.png","contentUrl":"https:\/\/souss.digital\/wp-content\/uploads\/2023\/08\/souss-digital-logo-fond-blanc-2.png","width":612,"height":966,"caption":"Souss Digital Gateway"},"image":{"@id":"https:\/\/souss.digital\/en\/#\/schema\/logo\/image\/"},"sameAs":["https:\/\/web.facebook.com\/souss.digital.gateway","https:\/\/x.com\/soussdigital","https:\/\/www.instagram.com\/souss.digital.gateway\/","https:\/\/www.linkedin.com\/company\/souss-digital-gateway\/"]},{"@type":"Person","@id":"https:\/\/souss.digital\/en\/#\/schema\/person\/db06603b4409fd161629d332ecb1dc84","name":"gadiros","image":{"@type":"ImageObject","inLanguage":"en-US","@id":"https:\/\/secure.gravatar.com\/avatar\/9ee2e02fa65b15cc6908dbd562c96b7ad1a5afff3d08a499b528b0c33c7d84d8?s=96&d=mm&r=g","url":"https:\/\/secure.gravatar.com\/avatar\/9ee2e02fa65b15cc6908dbd562c96b7ad1a5afff3d08a499b528b0c33c7d84d8?s=96&d=mm&r=g","contentUrl":"https:\/\/secure.gravatar.com\/avatar\/9ee2e02fa65b15cc6908dbd562c96b7ad1a5afff3d08a499b528b0c33c7d84d8?s=96&d=mm&r=g","caption":"gadiros"},"sameAs":["https:\/\/souss.digital"]}]}},"_links":{"self":[{"href":"https:\/\/souss.digital\/en\/wp-json\/wp\/v2\/posts\/1889","targetHints":{"allow":["GET"]}}],"collection":[{"href":"https:\/\/souss.digital\/en\/wp-json\/wp\/v2\/posts"}],"about":[{"href":"https:\/\/souss.digital\/en\/wp-json\/wp\/v2\/types\/post"}],"author":[{"embeddable":true,"href":"https:\/\/souss.digital\/en\/wp-json\/wp\/v2\/users\/1"}],"replies":[{"embeddable":true,"href":"https:\/\/souss.digital\/en\/wp-json\/wp\/v2\/comments?post=1889"}],"version-history":[{"count":1,"href":"https:\/\/souss.digital\/en\/wp-json\/wp\/v2\/posts\/1889\/revisions"}],"predecessor-version":[{"id":2596,"href":"https:\/\/souss.digital\/en\/wp-json\/wp\/v2\/posts\/1889\/revisions\/2596"}],"wp:featuredmedia":[{"embeddable":true,"href":"https:\/\/souss.digital\/en\/wp-json\/wp\/v2\/media\/1705"}],"wp:attachment":[{"href":"https:\/\/souss.digital\/en\/wp-json\/wp\/v2\/media?parent=1889"}],"wp:term":[{"taxonomy":"category","embeddable":true,"href":"https:\/\/souss.digital\/en\/wp-json\/wp\/v2\/categories?post=1889"},{"taxonomy":"post_tag","embeddable":true,"href":"https:\/\/souss.digital\/en\/wp-json\/wp\/v2\/tags?post=1889"}],"curies":[{"name":"wp","href":"https:\/\/api.w.org\/{rel}","templated":true}]}}