{"id":1891,"date":"2024-02-08T15:20:20","date_gmt":"2024-02-08T14:20:20","guid":{"rendered":"https:\/\/souss.digital\/2024\/02\/intelligence-artificielle-deux-grandes-ecoles-verront-le-jour-a-taroudant-et-berkane\/"},"modified":"2024-10-23T16:39:39","modified_gmt":"2024-10-23T15:39:39","slug":"intelligence-artificielle-deux-grandes-ecoles-verront-le-jour-a-taroudant-et-berkane","status":"publish","type":"post","link":"https:\/\/souss.digital\/en\/2024\/02\/intelligence-artificielle-deux-grandes-ecoles-verront-le-jour-a-taroudant-et-berkane\/","title":{"rendered":"Intelligence artificielle : deux grandes \u00e9coles verront le jour \u00e0 Taroudant et Berkane"},"content":{"rendered":"<p>Il s&#8217;agit de la cr\u00e9ation de deux \u00e9coles : l&#8217;\u00c9cole nationale sup\u00e9rieure de l&#8217;IA et de la science des donn\u00e9es \u00e0 Taroudant, et l&#8217;\u00c9cole nationale sup\u00e9rieure de l&#8217;IA et de la digitalisation qui sera implant\u00e9e dans les locaux de l&#8217;annexe universitaire de Berkane. Ce projet vise \u00e0 \u00e9tablir un nouveau mod\u00e8le d&#8217;\u00e9coles d&#8217;ing\u00e9nieurs affili\u00e9es aux universit\u00e9s afin de former des professionnels aptes \u00e0 relever les d\u00e9fis de la transformation digitale et \u00e0 promouvoir le d\u00e9veloppement \u00e9conomique bas\u00e9 sur le savoir, selon le communiqu\u00e9 du gouvernement.<\/p>\n","protected":false},"excerpt":{"rendered":"<p>Il s&#8217;agit de la cr\u00e9ation de deux \u00e9coles : l&#8217;\u00c9cole nationale sup\u00e9rieure de l&#8217;IA et de la science des donn\u00e9es \u00e0 Taroudant, et l&#8217;\u00c9cole nationale sup\u00e9rieure de l&#8217;IA et de la digitalisation qui sera implant\u00e9e dans les locaux de l&#8217;annexe universitaire de Berkane. Ce projet vise \u00e0 \u00e9tablir un nouveau mod\u00e8le d&#8217;\u00e9coles d&#8217;ing\u00e9nieurs affili\u00e9es aux [&hellip;]<\/p>\n","protected":false},"author":1,"featured_media":1701,"comment_status":"closed","ping_status":"open","sticky":false,"template":"","format":"standard","meta":{"_acf_changed":false,"footnotes":""},"categories":[25],"tags":[],"class_list":["post-1891","post","type-post","status-publish","format-standard","has-post-thumbnail","hentry","category-region-en"],"acf":[],"yoast_head":"<!-- This site is optimized with the Yoast SEO plugin v27.4 - https:\/\/yoast.com\/product\/yoast-seo-wordpress\/ -->\n<title>Intelligence artificielle : deux grandes \u00e9coles verront le jour \u00e0 Taroudant et Berkane - Souss Digital Gateway<\/title>\n<meta name=\"description\" content=\"Intelligence artificielle : deux grandes \u00e9coles verront le jour \u00e0 Taroudant et Berkane R\u00e9gion | Souss Digital Gateway\" \/>\n<meta name=\"robots\" content=\"index, follow, max-snippet:-1, max-image-preview:large, max-video-preview:-1\" \/>\n<link rel=\"canonical\" href=\"https:\/\/souss.digital\/en\/2024\/02\/intelligence-artificielle-deux-grandes-ecoles-verront-le-jour-a-taroudant-et-berkane\/\" \/>\n<meta property=\"og:locale\" content=\"en_US\" \/>\n<meta property=\"og:type\" content=\"article\" \/>\n<meta property=\"og:title\" content=\"Intelligence artificielle : deux grandes \u00e9coles verront le jour \u00e0 Taroudant et Berkane - Souss Digital Gateway\" \/>\n<meta property=\"og:description\" content=\"Intelligence artificielle : deux grandes \u00e9coles verront le jour \u00e0 Taroudant et Berkane R\u00e9gion | Souss Digital Gateway\" \/>\n<meta property=\"og:url\" content=\"https:\/\/souss.digital\/en\/2024\/02\/intelligence-artificielle-deux-grandes-ecoles-verront-le-jour-a-taroudant-et-berkane\/\" \/>\n<meta property=\"og:site_name\" content=\"Souss Digital Gateway\" \/>\n<meta property=\"article:publisher\" content=\"https:\/\/web.facebook.com\/souss.digital.gateway\" \/>\n<meta property=\"article:published_time\" content=\"2024-02-08T14:20:20+00:00\" \/>\n<meta property=\"article:modified_time\" content=\"2024-10-23T15:39:39+00:00\" \/>\n<meta property=\"og:image\" content=\"https:\/\/souss.digital\/wp-content\/uploads\/2024\/02\/intelligence-artificielle-deux-grandes-ecoles-verront-le-jour-a-taroudant-et-berkane.png\" \/>\n\t<meta property=\"og:image:width\" content=\"1080\" \/>\n\t<meta property=\"og:image:height\" content=\"1080\" \/>\n\t<meta property=\"og:image:type\" content=\"image\/png\" \/>\n<meta name=\"author\" content=\"gadiros\" \/>\n<meta name=\"twitter:card\" content=\"summary_large_image\" \/>\n<meta name=\"twitter:creator\" content=\"@soussdigital\" \/>\n<meta name=\"twitter:site\" content=\"@soussdigital\" \/>\n<script type=\"application\/ld+json\" class=\"yoast-schema-graph\">{\"@context\":\"https:\\\/\\\/schema.org\",\"@graph\":[{\"@type\":\"Article\",\"@id\":\"https:\\\/\\\/souss.digital\\\/en\\\/2024\\\/02\\\/intelligence-artificielle-deux-grandes-ecoles-verront-le-jour-a-taroudant-et-berkane\\\/#article\",\"isPartOf\":{\"@id\":\"https:\\\/\\\/souss.digital\\\/en\\\/2024\\\/02\\\/intelligence-artificielle-deux-grandes-ecoles-verront-le-jour-a-taroudant-et-berkane\\\/\"},\"author\":{\"name\":\"gadiros\",\"@id\":\"https:\\\/\\\/souss.digital\\\/en\\\/#\\\/schema\\\/person\\\/db06603b4409fd161629d332ecb1dc84\"},\"headline\":\"Intelligence artificielle : deux grandes \u00e9coles verront le jour \u00e0 Taroudant et Berkane\",\"datePublished\":\"2024-02-08T14:20:20+00:00\",\"dateModified\":\"2024-10-23T15:39:39+00:00\",\"mainEntityOfPage\":{\"@id\":\"https:\\\/\\\/souss.digital\\\/en\\\/2024\\\/02\\\/intelligence-artificielle-deux-grandes-ecoles-verront-le-jour-a-taroudant-et-berkane\\\/\"},\"wordCount\":110,\"publisher\":{\"@id\":\"https:\\\/\\\/souss.digital\\\/en\\\/#organization\"},\"image\":{\"@id\":\"https:\\\/\\\/souss.digital\\\/en\\\/2024\\\/02\\\/intelligence-artificielle-deux-grandes-ecoles-verront-le-jour-a-taroudant-et-berkane\\\/#primaryimage\"},\"thumbnailUrl\":\"https:\\\/\\\/souss.digital\\\/wp-content\\\/uploads\\\/2024\\\/02\\\/intelligence-artificielle-deux-grandes-ecoles-verront-le-jour-a-taroudant-et-berkane.png\",\"articleSection\":[\"R\u00e9gion\"],\"inLanguage\":\"en-US\"},{\"@type\":\"WebPage\",\"@id\":\"https:\\\/\\\/souss.digital\\\/en\\\/2024\\\/02\\\/intelligence-artificielle-deux-grandes-ecoles-verront-le-jour-a-taroudant-et-berkane\\\/\",\"url\":\"https:\\\/\\\/souss.digital\\\/en\\\/2024\\\/02\\\/intelligence-artificielle-deux-grandes-ecoles-verront-le-jour-a-taroudant-et-berkane\\\/\",\"name\":\"Intelligence artificielle : deux grandes \u00e9coles verront le jour \u00e0 Taroudant et Berkane - Souss Digital Gateway\",\"isPartOf\":{\"@id\":\"https:\\\/\\\/souss.digital\\\/en\\\/#website\"},\"primaryImageOfPage\":{\"@id\":\"https:\\\/\\\/souss.digital\\\/en\\\/2024\\\/02\\\/intelligence-artificielle-deux-grandes-ecoles-verront-le-jour-a-taroudant-et-berkane\\\/#primaryimage\"},\"image\":{\"@id\":\"https:\\\/\\\/souss.digital\\\/en\\\/2024\\\/02\\\/intelligence-artificielle-deux-grandes-ecoles-verront-le-jour-a-taroudant-et-berkane\\\/#primaryimage\"},\"thumbnailUrl\":\"https:\\\/\\\/souss.digital\\\/wp-content\\\/uploads\\\/2024\\\/02\\\/intelligence-artificielle-deux-grandes-ecoles-verront-le-jour-a-taroudant-et-berkane.png\",\"datePublished\":\"2024-02-08T14:20:20+00:00\",\"dateModified\":\"2024-10-23T15:39:39+00:00\",\"description\":\"Intelligence artificielle : deux grandes \u00e9coles verront le jour \u00e0 Taroudant et Berkane R\u00e9gion | Souss Digital Gateway\",\"breadcrumb\":{\"@id\":\"https:\\\/\\\/souss.digital\\\/en\\\/2024\\\/02\\\/intelligence-artificielle-deux-grandes-ecoles-verront-le-jour-a-taroudant-et-berkane\\\/#breadcrumb\"},\"inLanguage\":\"en-US\",\"potentialAction\":[{\"@type\":\"ReadAction\",\"target\":[\"https:\\\/\\\/souss.digital\\\/en\\\/2024\\\/02\\\/intelligence-artificielle-deux-grandes-ecoles-verront-le-jour-a-taroudant-et-berkane\\\/\"]}]},{\"@type\":\"ImageObject\",\"inLanguage\":\"en-US\",\"@id\":\"https:\\\/\\\/souss.digital\\\/en\\\/2024\\\/02\\\/intelligence-artificielle-deux-grandes-ecoles-verront-le-jour-a-taroudant-et-berkane\\\/#primaryimage\",\"url\":\"https:\\\/\\\/souss.digital\\\/wp-content\\\/uploads\\\/2024\\\/02\\\/intelligence-artificielle-deux-grandes-ecoles-verront-le-jour-a-taroudant-et-berkane.png\",\"contentUrl\":\"https:\\\/\\\/souss.digital\\\/wp-content\\\/uploads\\\/2024\\\/02\\\/intelligence-artificielle-deux-grandes-ecoles-verront-le-jour-a-taroudant-et-berkane.png\",\"width\":1080,\"height\":1080},{\"@type\":\"BreadcrumbList\",\"@id\":\"https:\\\/\\\/souss.digital\\\/en\\\/2024\\\/02\\\/intelligence-artificielle-deux-grandes-ecoles-verront-le-jour-a-taroudant-et-berkane\\\/#breadcrumb\",\"itemListElement\":[{\"@type\":\"ListItem\",\"position\":1,\"name\":\"Accueil\",\"item\":\"https:\\\/\\\/souss.digital\\\/en\\\/\"},{\"@type\":\"ListItem\",\"position\":2,\"name\":\"Intelligence artificielle : deux grandes \u00e9coles verront le jour \u00e0 Taroudant et Berkane\"}]},{\"@type\":\"WebSite\",\"@id\":\"https:\\\/\\\/souss.digital\\\/en\\\/#website\",\"url\":\"https:\\\/\\\/souss.digital\\\/en\\\/\",\"name\":\"Souss Digital Gateway\",\"description\":\"Your IT gateway to Souss Massa Region\",\"publisher\":{\"@id\":\"https:\\\/\\\/souss.digital\\\/en\\\/#organization\"},\"potentialAction\":[{\"@type\":\"SearchAction\",\"target\":{\"@type\":\"EntryPoint\",\"urlTemplate\":\"https:\\\/\\\/souss.digital\\\/en\\\/?s={search_term_string}\"},\"query-input\":{\"@type\":\"PropertyValueSpecification\",\"valueRequired\":true,\"valueName\":\"search_term_string\"}}],\"inLanguage\":\"en-US\"},{\"@type\":\"Organization\",\"@id\":\"https:\\\/\\\/souss.digital\\\/en\\\/#organization\",\"name\":\"Souss Digital Gateway\",\"url\":\"https:\\\/\\\/souss.digital\\\/en\\\/\",\"logo\":{\"@type\":\"ImageObject\",\"inLanguage\":\"en-US\",\"@id\":\"https:\\\/\\\/souss.digital\\\/en\\\/#\\\/schema\\\/logo\\\/image\\\/\",\"url\":\"https:\\\/\\\/souss.digital\\\/wp-content\\\/uploads\\\/2023\\\/08\\\/souss-digital-logo-fond-blanc-2.png\",\"contentUrl\":\"https:\\\/\\\/souss.digital\\\/wp-content\\\/uploads\\\/2023\\\/08\\\/souss-digital-logo-fond-blanc-2.png\",\"width\":612,\"height\":966,\"caption\":\"Souss Digital Gateway\"},\"image\":{\"@id\":\"https:\\\/\\\/souss.digital\\\/en\\\/#\\\/schema\\\/logo\\\/image\\\/\"},\"sameAs\":[\"https:\\\/\\\/web.facebook.com\\\/souss.digital.gateway\",\"https:\\\/\\\/x.com\\\/soussdigital\",\"https:\\\/\\\/www.instagram.com\\\/souss.digital.gateway\\\/\",\"https:\\\/\\\/www.linkedin.com\\\/company\\\/souss-digital-gateway\\\/\"]},{\"@type\":\"Person\",\"@id\":\"https:\\\/\\\/souss.digital\\\/en\\\/#\\\/schema\\\/person\\\/db06603b4409fd161629d332ecb1dc84\",\"name\":\"gadiros\",\"image\":{\"@type\":\"ImageObject\",\"inLanguage\":\"en-US\",\"@id\":\"https:\\\/\\\/secure.gravatar.com\\\/avatar\\\/9ee2e02fa65b15cc6908dbd562c96b7ad1a5afff3d08a499b528b0c33c7d84d8?s=96&d=mm&r=g\",\"url\":\"https:\\\/\\\/secure.gravatar.com\\\/avatar\\\/9ee2e02fa65b15cc6908dbd562c96b7ad1a5afff3d08a499b528b0c33c7d84d8?s=96&d=mm&r=g\",\"contentUrl\":\"https:\\\/\\\/secure.gravatar.com\\\/avatar\\\/9ee2e02fa65b15cc6908dbd562c96b7ad1a5afff3d08a499b528b0c33c7d84d8?s=96&d=mm&r=g\",\"caption\":\"gadiros\"},\"sameAs\":[\"https:\\\/\\\/souss.digital\"]}]}<\/script>\n<!-- \/ Yoast SEO plugin. -->","yoast_head_json":{"title":"Intelligence artificielle : deux grandes \u00e9coles verront le jour \u00e0 Taroudant et Berkane - Souss Digital Gateway","description":"Intelligence artificielle : deux grandes \u00e9coles verront le jour \u00e0 Taroudant et Berkane R\u00e9gion | Souss Digital Gateway","robots":{"index":"index","follow":"follow","max-snippet":"max-snippet:-1","max-image-preview":"max-image-preview:large","max-video-preview":"max-video-preview:-1"},"canonical":"https:\/\/souss.digital\/en\/2024\/02\/intelligence-artificielle-deux-grandes-ecoles-verront-le-jour-a-taroudant-et-berkane\/","og_locale":"en_US","og_type":"article","og_title":"Intelligence artificielle : deux grandes \u00e9coles verront le jour \u00e0 Taroudant et Berkane - Souss Digital Gateway","og_description":"Intelligence artificielle : deux grandes \u00e9coles verront le jour \u00e0 Taroudant et Berkane R\u00e9gion | Souss Digital Gateway","og_url":"https:\/\/souss.digital\/en\/2024\/02\/intelligence-artificielle-deux-grandes-ecoles-verront-le-jour-a-taroudant-et-berkane\/","og_site_name":"Souss Digital Gateway","article_publisher":"https:\/\/web.facebook.com\/souss.digital.gateway","article_published_time":"2024-02-08T14:20:20+00:00","article_modified_time":"2024-10-23T15:39:39+00:00","og_image":[{"width":1080,"height":1080,"url":"https:\/\/souss.digital\/wp-content\/uploads\/2024\/02\/intelligence-artificielle-deux-grandes-ecoles-verront-le-jour-a-taroudant-et-berkane.png","type":"image\/png"}],"author":"gadiros","twitter_card":"summary_large_image","twitter_creator":"@soussdigital","twitter_site":"@soussdigital","schema":{"@context":"https:\/\/schema.org","@graph":[{"@type":"Article","@id":"https:\/\/souss.digital\/en\/2024\/02\/intelligence-artificielle-deux-grandes-ecoles-verront-le-jour-a-taroudant-et-berkane\/#article","isPartOf":{"@id":"https:\/\/souss.digital\/en\/2024\/02\/intelligence-artificielle-deux-grandes-ecoles-verront-le-jour-a-taroudant-et-berkane\/"},"author":{"name":"gadiros","@id":"https:\/\/souss.digital\/en\/#\/schema\/person\/db06603b4409fd161629d332ecb1dc84"},"headline":"Intelligence artificielle : deux grandes \u00e9coles verront le jour \u00e0 Taroudant et Berkane","datePublished":"2024-02-08T14:20:20+00:00","dateModified":"2024-10-23T15:39:39+00:00","mainEntityOfPage":{"@id":"https:\/\/souss.digital\/en\/2024\/02\/intelligence-artificielle-deux-grandes-ecoles-verront-le-jour-a-taroudant-et-berkane\/"},"wordCount":110,"publisher":{"@id":"https:\/\/souss.digital\/en\/#organization"},"image":{"@id":"https:\/\/souss.digital\/en\/2024\/02\/intelligence-artificielle-deux-grandes-ecoles-verront-le-jour-a-taroudant-et-berkane\/#primaryimage"},"thumbnailUrl":"https:\/\/souss.digital\/wp-content\/uploads\/2024\/02\/intelligence-artificielle-deux-grandes-ecoles-verront-le-jour-a-taroudant-et-berkane.png","articleSection":["R\u00e9gion"],"inLanguage":"en-US"},{"@type":"WebPage","@id":"https:\/\/souss.digital\/en\/2024\/02\/intelligence-artificielle-deux-grandes-ecoles-verront-le-jour-a-taroudant-et-berkane\/","url":"https:\/\/souss.digital\/en\/2024\/02\/intelligence-artificielle-deux-grandes-ecoles-verront-le-jour-a-taroudant-et-berkane\/","name":"Intelligence artificielle : deux grandes \u00e9coles verront le jour \u00e0 Taroudant et Berkane - Souss Digital Gateway","isPartOf":{"@id":"https:\/\/souss.digital\/en\/#website"},"primaryImageOfPage":{"@id":"https:\/\/souss.digital\/en\/2024\/02\/intelligence-artificielle-deux-grandes-ecoles-verront-le-jour-a-taroudant-et-berkane\/#primaryimage"},"image":{"@id":"https:\/\/souss.digital\/en\/2024\/02\/intelligence-artificielle-deux-grandes-ecoles-verront-le-jour-a-taroudant-et-berkane\/#primaryimage"},"thumbnailUrl":"https:\/\/souss.digital\/wp-content\/uploads\/2024\/02\/intelligence-artificielle-deux-grandes-ecoles-verront-le-jour-a-taroudant-et-berkane.png","datePublished":"2024-02-08T14:20:20+00:00","dateModified":"2024-10-23T15:39:39+00:00","description":"Intelligence artificielle : deux grandes \u00e9coles verront le jour \u00e0 Taroudant et Berkane R\u00e9gion | Souss Digital Gateway","breadcrumb":{"@id":"https:\/\/souss.digital\/en\/2024\/02\/intelligence-artificielle-deux-grandes-ecoles-verront-le-jour-a-taroudant-et-berkane\/#breadcrumb"},"inLanguage":"en-US","potentialAction":[{"@type":"ReadAction","target":["https:\/\/souss.digital\/en\/2024\/02\/intelligence-artificielle-deux-grandes-ecoles-verront-le-jour-a-taroudant-et-berkane\/"]}]},{"@type":"ImageObject","inLanguage":"en-US","@id":"https:\/\/souss.digital\/en\/2024\/02\/intelligence-artificielle-deux-grandes-ecoles-verront-le-jour-a-taroudant-et-berkane\/#primaryimage","url":"https:\/\/souss.digital\/wp-content\/uploads\/2024\/02\/intelligence-artificielle-deux-grandes-ecoles-verront-le-jour-a-taroudant-et-berkane.png","contentUrl":"https:\/\/souss.digital\/wp-content\/uploads\/2024\/02\/intelligence-artificielle-deux-grandes-ecoles-verront-le-jour-a-taroudant-et-berkane.png","width":1080,"height":1080},{"@type":"BreadcrumbList","@id":"https:\/\/souss.digital\/en\/2024\/02\/intelligence-artificielle-deux-grandes-ecoles-verront-le-jour-a-taroudant-et-berkane\/#breadcrumb","itemListElement":[{"@type":"ListItem","position":1,"name":"Accueil","item":"https:\/\/souss.digital\/en\/"},{"@type":"ListItem","position":2,"name":"Intelligence artificielle : deux grandes \u00e9coles verront le jour \u00e0 Taroudant et Berkane"}]},{"@type":"WebSite","@id":"https:\/\/souss.digital\/en\/#website","url":"https:\/\/souss.digital\/en\/","name":"Souss Digital Gateway","description":"Your IT gateway to Souss Massa Region","publisher":{"@id":"https:\/\/souss.digital\/en\/#organization"},"potentialAction":[{"@type":"SearchAction","target":{"@type":"EntryPoint","urlTemplate":"https:\/\/souss.digital\/en\/?s={search_term_string}"},"query-input":{"@type":"PropertyValueSpecification","valueRequired":true,"valueName":"search_term_string"}}],"inLanguage":"en-US"},{"@type":"Organization","@id":"https:\/\/souss.digital\/en\/#organization","name":"Souss Digital Gateway","url":"https:\/\/souss.digital\/en\/","logo":{"@type":"ImageObject","inLanguage":"en-US","@id":"https:\/\/souss.digital\/en\/#\/schema\/logo\/image\/","url":"https:\/\/souss.digital\/wp-content\/uploads\/2023\/08\/souss-digital-logo-fond-blanc-2.png","contentUrl":"https:\/\/souss.digital\/wp-content\/uploads\/2023\/08\/souss-digital-logo-fond-blanc-2.png","width":612,"height":966,"caption":"Souss Digital Gateway"},"image":{"@id":"https:\/\/souss.digital\/en\/#\/schema\/logo\/image\/"},"sameAs":["https:\/\/web.facebook.com\/souss.digital.gateway","https:\/\/x.com\/soussdigital","https:\/\/www.instagram.com\/souss.digital.gateway\/","https:\/\/www.linkedin.com\/company\/souss-digital-gateway\/"]},{"@type":"Person","@id":"https:\/\/souss.digital\/en\/#\/schema\/person\/db06603b4409fd161629d332ecb1dc84","name":"gadiros","image":{"@type":"ImageObject","inLanguage":"en-US","@id":"https:\/\/secure.gravatar.com\/avatar\/9ee2e02fa65b15cc6908dbd562c96b7ad1a5afff3d08a499b528b0c33c7d84d8?s=96&d=mm&r=g","url":"https:\/\/secure.gravatar.com\/avatar\/9ee2e02fa65b15cc6908dbd562c96b7ad1a5afff3d08a499b528b0c33c7d84d8?s=96&d=mm&r=g","contentUrl":"https:\/\/secure.gravatar.com\/avatar\/9ee2e02fa65b15cc6908dbd562c96b7ad1a5afff3d08a499b528b0c33c7d84d8?s=96&d=mm&r=g","caption":"gadiros"},"sameAs":["https:\/\/souss.digital"]}]}},"_links":{"self":[{"href":"https:\/\/souss.digital\/en\/wp-json\/wp\/v2\/posts\/1891","targetHints":{"allow":["GET"]}}],"collection":[{"href":"https:\/\/souss.digital\/en\/wp-json\/wp\/v2\/posts"}],"about":[{"href":"https:\/\/souss.digital\/en\/wp-json\/wp\/v2\/types\/post"}],"author":[{"embeddable":true,"href":"https:\/\/souss.digital\/en\/wp-json\/wp\/v2\/users\/1"}],"replies":[{"embeddable":true,"href":"https:\/\/souss.digital\/en\/wp-json\/wp\/v2\/comments?post=1891"}],"version-history":[{"count":1,"href":"https:\/\/souss.digital\/en\/wp-json\/wp\/v2\/posts\/1891\/revisions"}],"predecessor-version":[{"id":2598,"href":"https:\/\/souss.digital\/en\/wp-json\/wp\/v2\/posts\/1891\/revisions\/2598"}],"wp:featuredmedia":[{"embeddable":true,"href":"https:\/\/souss.digital\/en\/wp-json\/wp\/v2\/media\/1701"}],"wp:attachment":[{"href":"https:\/\/souss.digital\/en\/wp-json\/wp\/v2\/media?parent=1891"}],"wp:term":[{"taxonomy":"category","embeddable":true,"href":"https:\/\/souss.digital\/en\/wp-json\/wp\/v2\/categories?post=1891"},{"taxonomy":"post_tag","embeddable":true,"href":"https:\/\/souss.digital\/en\/wp-json\/wp\/v2\/tags?post=1891"}],"curies":[{"name":"wp","href":"https:\/\/api.w.org\/{rel}","templated":true}]}}