{"id":1892,"date":"2024-02-03T15:57:53","date_gmt":"2024-02-03T14:57:53","guid":{"rendered":"https:\/\/souss.digital\/2024\/02\/reforme-de-leducation-le-digital-lab-permettra-le-developpement-de-solutions-numeriques\/"},"modified":"2024-10-23T16:39:40","modified_gmt":"2024-10-23T15:39:40","slug":"reforme-de-leducation-le-digital-lab-permettra-le-developpement-de-solutions-numeriques","status":"publish","type":"post","link":"https:\/\/souss.digital\/en\/2024\/02\/reforme-de-leducation-le-digital-lab-permettra-le-developpement-de-solutions-numeriques\/","title":{"rendered":"R\u00e9forme de l&#8217;\u00e9ducation : Le &#8220;Digital Lab&#8221; permettra le d\u00e9veloppement de solutions num\u00e9riques"},"content":{"rendered":"<p>Le minist\u00e8re charg\u00e9 de la Transition num\u00e9rique et de la R\u00e9forme de l&#8217;administration annonce la mise en place du premier laboratoire digital (Digital Lab) d\u00e9di\u00e9 au minist\u00e8re de l&#8217;\u00c9ducation nationale, du Pr\u00e9scolaire et des Sports, dans le cadre de la mise en \u0153uvre de la r\u00e9forme de l&#8217;\u00e9ducation. Cette initiative d\u00e9coule de la Strat\u00e9gie nationale de transition num\u00e9rique, orchestr\u00e9e par le minist\u00e8re de la Transition num\u00e9rique et de la R\u00e9forme de l&#8217;administration, visant \u00e0 acc\u00e9l\u00e9rer la transformation num\u00e9rique du syst\u00e8me \u00e9ducatif au Maroc.<\/p>\n<p>&nbsp;<\/p>\n<p>La cr\u00e9ation du laboratoire est le fruit d&#8217;une convention de partenariat sign\u00e9e entre les minist\u00e8res de l&#8217;\u00c9ducation nationale, du Pr\u00e9scolaire et des Sports, de la Transition num\u00e9rique et de la R\u00e9forme de l&#8217;administration, du Budget, et la Caisse de d\u00e9p\u00f4t et de gestion (CDG). L&#8217;objectif est de d\u00e9velopper des solutions num\u00e9riques r\u00e9pondant aux besoins de la r\u00e9forme \u00e9ducative, offrant des outils tant aux \u00e9l\u00e8ves, enseignants et \u00e9tablissements d&#8217;enseignement, qu&#8217;\u00e0 la gouvernance.<\/p>\n<p>&nbsp;<\/p>\n<p>Les solutions envisag\u00e9es incluent des contenus \u00e9ducatifs pour un usage \u00e0 domicile ou en classe, ax\u00e9s sur la rem\u00e9diation personnelle, la r\u00e9vision, le renforcement des comp\u00e9tences linguistiques et l&#8217;acquisition d&#8217;une culture digitale. Le laboratoire vise \u00e9galement \u00e0 soutenir les enseignants en leur fournissant des outils pour suivre les progr\u00e8s individuels des \u00e9l\u00e8ves, contribuant ainsi \u00e0 leur formation.<\/p>\n<p>&nbsp;<\/p>\n<p>En plus de faciliter la gestion des \u00e9tablissements, simplifier l&#8217;administration et am\u00e9liorer la communication avec les familles, le laboratoire digital s&#8217;attaque au d\u00e9veloppement des syst\u00e8mes informatiques du minist\u00e8re de l&#8217;\u00c9ducation, du Pr\u00e9scolaire et des Sports. Il exploitera \u00e9galement les donn\u00e9es pour mesurer la performance, fournissant des outils aux acteurs impliqu\u00e9s. La mise en \u0153uvre de ce projet n\u00e9cessitera la mobilisation d&#8217;expertise et de comp\u00e9tences cr\u00e9atives, encourageant les startups au Maroc et contribuant \u00e0 la cr\u00e9ation d&#8217;un syst\u00e8me \u00e9ducatif num\u00e9rique innovant, tout en stimulant une dynamique \u00e9conomique parmi les jeunes entrepreneurs.<\/p>\n","protected":false},"excerpt":{"rendered":"<p>Le minist\u00e8re charg\u00e9 de la Transition num\u00e9rique et de la R\u00e9forme de l&#8217;administration annonce la mise en place du premier laboratoire digital (Digital Lab) d\u00e9di\u00e9 au minist\u00e8re de l&#8217;\u00c9ducation nationale, du Pr\u00e9scolaire et des Sports, dans le cadre de la mise en \u0153uvre de la r\u00e9forme de l&#8217;\u00e9ducation. Cette initiative d\u00e9coule de la Strat\u00e9gie nationale [&hellip;]<\/p>\n","protected":false},"author":1,"featured_media":1699,"comment_status":"closed","ping_status":"open","sticky":false,"template":"","format":"standard","meta":{"_acf_changed":false,"footnotes":""},"categories":[25],"tags":[],"class_list":["post-1892","post","type-post","status-publish","format-standard","has-post-thumbnail","hentry","category-region-en"],"acf":[],"yoast_head":"<!-- This site is optimized with the Yoast SEO plugin v27.4 - https:\/\/yoast.com\/product\/yoast-seo-wordpress\/ -->\n<title>R\u00e9forme de l&#039;\u00e9ducation : Le &quot;Digital Lab&quot; permettra le d\u00e9veloppement de solutions num\u00e9riques - Souss Digital Gateway<\/title>\n<meta name=\"description\" content=\"R\u00e9forme de l&#039;\u00e9ducation : Le &quot;Digital Lab&quot; permettra le d\u00e9veloppement de solutions num\u00e9riques R\u00e9gion | Souss Digital Gateway\" \/>\n<meta name=\"robots\" content=\"index, follow, max-snippet:-1, max-image-preview:large, max-video-preview:-1\" \/>\n<link rel=\"canonical\" href=\"https:\/\/souss.digital\/en\/2024\/02\/reforme-de-leducation-le-digital-lab-permettra-le-developpement-de-solutions-numeriques\/\" \/>\n<meta property=\"og:locale\" content=\"en_US\" \/>\n<meta property=\"og:type\" content=\"article\" \/>\n<meta property=\"og:title\" content=\"R\u00e9forme de l&#039;\u00e9ducation : Le &quot;Digital Lab&quot; permettra le d\u00e9veloppement de solutions num\u00e9riques - Souss Digital Gateway\" \/>\n<meta property=\"og:description\" content=\"R\u00e9forme de l&#039;\u00e9ducation : Le &quot;Digital Lab&quot; permettra le d\u00e9veloppement de solutions num\u00e9riques R\u00e9gion | Souss Digital Gateway\" \/>\n<meta property=\"og:url\" content=\"https:\/\/souss.digital\/en\/2024\/02\/reforme-de-leducation-le-digital-lab-permettra-le-developpement-de-solutions-numeriques\/\" \/>\n<meta property=\"og:site_name\" content=\"Souss Digital Gateway\" \/>\n<meta property=\"article:publisher\" content=\"https:\/\/web.facebook.com\/souss.digital.gateway\" \/>\n<meta property=\"article:published_time\" content=\"2024-02-03T14:57:53+00:00\" \/>\n<meta property=\"article:modified_time\" content=\"2024-10-23T15:39:40+00:00\" \/>\n<meta property=\"og:image\" content=\"https:\/\/souss.digital\/wp-content\/uploads\/2024\/02\/reforme-de-leducation-le-digital-lab-permettra-le-developpement-de-solutions-numeriques.png\" \/>\n\t<meta property=\"og:image:width\" content=\"1080\" \/>\n\t<meta property=\"og:image:height\" content=\"1080\" \/>\n\t<meta property=\"og:image:type\" content=\"image\/png\" \/>\n<meta name=\"author\" content=\"gadiros\" \/>\n<meta name=\"twitter:card\" content=\"summary_large_image\" \/>\n<meta name=\"twitter:creator\" content=\"@soussdigital\" \/>\n<meta name=\"twitter:site\" content=\"@soussdigital\" \/>\n<script type=\"application\/ld+json\" class=\"yoast-schema-graph\">{\"@context\":\"https:\\\/\\\/schema.org\",\"@graph\":[{\"@type\":\"Article\",\"@id\":\"https:\\\/\\\/souss.digital\\\/en\\\/2024\\\/02\\\/reforme-de-leducation-le-digital-lab-permettra-le-developpement-de-solutions-numeriques\\\/#article\",\"isPartOf\":{\"@id\":\"https:\\\/\\\/souss.digital\\\/en\\\/2024\\\/02\\\/reforme-de-leducation-le-digital-lab-permettra-le-developpement-de-solutions-numeriques\\\/\"},\"author\":{\"name\":\"gadiros\",\"@id\":\"https:\\\/\\\/souss.digital\\\/en\\\/#\\\/schema\\\/person\\\/db06603b4409fd161629d332ecb1dc84\"},\"headline\":\"R\u00e9forme de l&#8217;\u00e9ducation : Le &#8220;Digital Lab&#8221; permettra le d\u00e9veloppement de solutions num\u00e9riques\",\"datePublished\":\"2024-02-03T14:57:53+00:00\",\"dateModified\":\"2024-10-23T15:39:40+00:00\",\"mainEntityOfPage\":{\"@id\":\"https:\\\/\\\/souss.digital\\\/en\\\/2024\\\/02\\\/reforme-de-leducation-le-digital-lab-permettra-le-developpement-de-solutions-numeriques\\\/\"},\"wordCount\":382,\"publisher\":{\"@id\":\"https:\\\/\\\/souss.digital\\\/en\\\/#organization\"},\"image\":{\"@id\":\"https:\\\/\\\/souss.digital\\\/en\\\/2024\\\/02\\\/reforme-de-leducation-le-digital-lab-permettra-le-developpement-de-solutions-numeriques\\\/#primaryimage\"},\"thumbnailUrl\":\"https:\\\/\\\/souss.digital\\\/wp-content\\\/uploads\\\/2024\\\/02\\\/reforme-de-leducation-le-digital-lab-permettra-le-developpement-de-solutions-numeriques.png\",\"articleSection\":[\"R\u00e9gion\"],\"inLanguage\":\"en-US\"},{\"@type\":\"WebPage\",\"@id\":\"https:\\\/\\\/souss.digital\\\/en\\\/2024\\\/02\\\/reforme-de-leducation-le-digital-lab-permettra-le-developpement-de-solutions-numeriques\\\/\",\"url\":\"https:\\\/\\\/souss.digital\\\/en\\\/2024\\\/02\\\/reforme-de-leducation-le-digital-lab-permettra-le-developpement-de-solutions-numeriques\\\/\",\"name\":\"R\u00e9forme de l'\u00e9ducation : Le \\\"Digital Lab\\\" permettra le d\u00e9veloppement de solutions num\u00e9riques - Souss Digital Gateway\",\"isPartOf\":{\"@id\":\"https:\\\/\\\/souss.digital\\\/en\\\/#website\"},\"primaryImageOfPage\":{\"@id\":\"https:\\\/\\\/souss.digital\\\/en\\\/2024\\\/02\\\/reforme-de-leducation-le-digital-lab-permettra-le-developpement-de-solutions-numeriques\\\/#primaryimage\"},\"image\":{\"@id\":\"https:\\\/\\\/souss.digital\\\/en\\\/2024\\\/02\\\/reforme-de-leducation-le-digital-lab-permettra-le-developpement-de-solutions-numeriques\\\/#primaryimage\"},\"thumbnailUrl\":\"https:\\\/\\\/souss.digital\\\/wp-content\\\/uploads\\\/2024\\\/02\\\/reforme-de-leducation-le-digital-lab-permettra-le-developpement-de-solutions-numeriques.png\",\"datePublished\":\"2024-02-03T14:57:53+00:00\",\"dateModified\":\"2024-10-23T15:39:40+00:00\",\"description\":\"R\u00e9forme de l'\u00e9ducation : Le \\\"Digital Lab\\\" permettra le d\u00e9veloppement de solutions num\u00e9riques R\u00e9gion | Souss Digital Gateway\",\"breadcrumb\":{\"@id\":\"https:\\\/\\\/souss.digital\\\/en\\\/2024\\\/02\\\/reforme-de-leducation-le-digital-lab-permettra-le-developpement-de-solutions-numeriques\\\/#breadcrumb\"},\"inLanguage\":\"en-US\",\"potentialAction\":[{\"@type\":\"ReadAction\",\"target\":[\"https:\\\/\\\/souss.digital\\\/en\\\/2024\\\/02\\\/reforme-de-leducation-le-digital-lab-permettra-le-developpement-de-solutions-numeriques\\\/\"]}]},{\"@type\":\"ImageObject\",\"inLanguage\":\"en-US\",\"@id\":\"https:\\\/\\\/souss.digital\\\/en\\\/2024\\\/02\\\/reforme-de-leducation-le-digital-lab-permettra-le-developpement-de-solutions-numeriques\\\/#primaryimage\",\"url\":\"https:\\\/\\\/souss.digital\\\/wp-content\\\/uploads\\\/2024\\\/02\\\/reforme-de-leducation-le-digital-lab-permettra-le-developpement-de-solutions-numeriques.png\",\"contentUrl\":\"https:\\\/\\\/souss.digital\\\/wp-content\\\/uploads\\\/2024\\\/02\\\/reforme-de-leducation-le-digital-lab-permettra-le-developpement-de-solutions-numeriques.png\",\"width\":1080,\"height\":1080},{\"@type\":\"BreadcrumbList\",\"@id\":\"https:\\\/\\\/souss.digital\\\/en\\\/2024\\\/02\\\/reforme-de-leducation-le-digital-lab-permettra-le-developpement-de-solutions-numeriques\\\/#breadcrumb\",\"itemListElement\":[{\"@type\":\"ListItem\",\"position\":1,\"name\":\"Accueil\",\"item\":\"https:\\\/\\\/souss.digital\\\/en\\\/\"},{\"@type\":\"ListItem\",\"position\":2,\"name\":\"R\u00e9forme de l&#8217;\u00e9ducation : Le &#8220;Digital Lab&#8221; permettra le d\u00e9veloppement de solutions num\u00e9riques\"}]},{\"@type\":\"WebSite\",\"@id\":\"https:\\\/\\\/souss.digital\\\/en\\\/#website\",\"url\":\"https:\\\/\\\/souss.digital\\\/en\\\/\",\"name\":\"Souss Digital Gateway\",\"description\":\"Your IT gateway to Souss Massa Region\",\"publisher\":{\"@id\":\"https:\\\/\\\/souss.digital\\\/en\\\/#organization\"},\"potentialAction\":[{\"@type\":\"SearchAction\",\"target\":{\"@type\":\"EntryPoint\",\"urlTemplate\":\"https:\\\/\\\/souss.digital\\\/en\\\/?s={search_term_string}\"},\"query-input\":{\"@type\":\"PropertyValueSpecification\",\"valueRequired\":true,\"valueName\":\"search_term_string\"}}],\"inLanguage\":\"en-US\"},{\"@type\":\"Organization\",\"@id\":\"https:\\\/\\\/souss.digital\\\/en\\\/#organization\",\"name\":\"Souss Digital Gateway\",\"url\":\"https:\\\/\\\/souss.digital\\\/en\\\/\",\"logo\":{\"@type\":\"ImageObject\",\"inLanguage\":\"en-US\",\"@id\":\"https:\\\/\\\/souss.digital\\\/en\\\/#\\\/schema\\\/logo\\\/image\\\/\",\"url\":\"https:\\\/\\\/souss.digital\\\/wp-content\\\/uploads\\\/2023\\\/08\\\/souss-digital-logo-fond-blanc-2.png\",\"contentUrl\":\"https:\\\/\\\/souss.digital\\\/wp-content\\\/uploads\\\/2023\\\/08\\\/souss-digital-logo-fond-blanc-2.png\",\"width\":612,\"height\":966,\"caption\":\"Souss Digital Gateway\"},\"image\":{\"@id\":\"https:\\\/\\\/souss.digital\\\/en\\\/#\\\/schema\\\/logo\\\/image\\\/\"},\"sameAs\":[\"https:\\\/\\\/web.facebook.com\\\/souss.digital.gateway\",\"https:\\\/\\\/x.com\\\/soussdigital\",\"https:\\\/\\\/www.instagram.com\\\/souss.digital.gateway\\\/\",\"https:\\\/\\\/www.linkedin.com\\\/company\\\/souss-digital-gateway\\\/\"]},{\"@type\":\"Person\",\"@id\":\"https:\\\/\\\/souss.digital\\\/en\\\/#\\\/schema\\\/person\\\/db06603b4409fd161629d332ecb1dc84\",\"name\":\"gadiros\",\"image\":{\"@type\":\"ImageObject\",\"inLanguage\":\"en-US\",\"@id\":\"https:\\\/\\\/secure.gravatar.com\\\/avatar\\\/9ee2e02fa65b15cc6908dbd562c96b7ad1a5afff3d08a499b528b0c33c7d84d8?s=96&d=mm&r=g\",\"url\":\"https:\\\/\\\/secure.gravatar.com\\\/avatar\\\/9ee2e02fa65b15cc6908dbd562c96b7ad1a5afff3d08a499b528b0c33c7d84d8?s=96&d=mm&r=g\",\"contentUrl\":\"https:\\\/\\\/secure.gravatar.com\\\/avatar\\\/9ee2e02fa65b15cc6908dbd562c96b7ad1a5afff3d08a499b528b0c33c7d84d8?s=96&d=mm&r=g\",\"caption\":\"gadiros\"},\"sameAs\":[\"https:\\\/\\\/souss.digital\"]}]}<\/script>\n<!-- \/ Yoast SEO plugin. -->","yoast_head_json":{"title":"R\u00e9forme de l'\u00e9ducation : Le \"Digital Lab\" permettra le d\u00e9veloppement de solutions num\u00e9riques - Souss Digital Gateway","description":"R\u00e9forme de l'\u00e9ducation : Le \"Digital Lab\" permettra le d\u00e9veloppement de solutions num\u00e9riques R\u00e9gion | Souss Digital Gateway","robots":{"index":"index","follow":"follow","max-snippet":"max-snippet:-1","max-image-preview":"max-image-preview:large","max-video-preview":"max-video-preview:-1"},"canonical":"https:\/\/souss.digital\/en\/2024\/02\/reforme-de-leducation-le-digital-lab-permettra-le-developpement-de-solutions-numeriques\/","og_locale":"en_US","og_type":"article","og_title":"R\u00e9forme de l'\u00e9ducation : Le \"Digital Lab\" permettra le d\u00e9veloppement de solutions num\u00e9riques - Souss Digital Gateway","og_description":"R\u00e9forme de l'\u00e9ducation : Le \"Digital Lab\" permettra le d\u00e9veloppement de solutions num\u00e9riques R\u00e9gion | Souss Digital Gateway","og_url":"https:\/\/souss.digital\/en\/2024\/02\/reforme-de-leducation-le-digital-lab-permettra-le-developpement-de-solutions-numeriques\/","og_site_name":"Souss Digital Gateway","article_publisher":"https:\/\/web.facebook.com\/souss.digital.gateway","article_published_time":"2024-02-03T14:57:53+00:00","article_modified_time":"2024-10-23T15:39:40+00:00","og_image":[{"width":1080,"height":1080,"url":"https:\/\/souss.digital\/wp-content\/uploads\/2024\/02\/reforme-de-leducation-le-digital-lab-permettra-le-developpement-de-solutions-numeriques.png","type":"image\/png"}],"author":"gadiros","twitter_card":"summary_large_image","twitter_creator":"@soussdigital","twitter_site":"@soussdigital","schema":{"@context":"https:\/\/schema.org","@graph":[{"@type":"Article","@id":"https:\/\/souss.digital\/en\/2024\/02\/reforme-de-leducation-le-digital-lab-permettra-le-developpement-de-solutions-numeriques\/#article","isPartOf":{"@id":"https:\/\/souss.digital\/en\/2024\/02\/reforme-de-leducation-le-digital-lab-permettra-le-developpement-de-solutions-numeriques\/"},"author":{"name":"gadiros","@id":"https:\/\/souss.digital\/en\/#\/schema\/person\/db06603b4409fd161629d332ecb1dc84"},"headline":"R\u00e9forme de l&#8217;\u00e9ducation : Le &#8220;Digital Lab&#8221; permettra le d\u00e9veloppement de solutions num\u00e9riques","datePublished":"2024-02-03T14:57:53+00:00","dateModified":"2024-10-23T15:39:40+00:00","mainEntityOfPage":{"@id":"https:\/\/souss.digital\/en\/2024\/02\/reforme-de-leducation-le-digital-lab-permettra-le-developpement-de-solutions-numeriques\/"},"wordCount":382,"publisher":{"@id":"https:\/\/souss.digital\/en\/#organization"},"image":{"@id":"https:\/\/souss.digital\/en\/2024\/02\/reforme-de-leducation-le-digital-lab-permettra-le-developpement-de-solutions-numeriques\/#primaryimage"},"thumbnailUrl":"https:\/\/souss.digital\/wp-content\/uploads\/2024\/02\/reforme-de-leducation-le-digital-lab-permettra-le-developpement-de-solutions-numeriques.png","articleSection":["R\u00e9gion"],"inLanguage":"en-US"},{"@type":"WebPage","@id":"https:\/\/souss.digital\/en\/2024\/02\/reforme-de-leducation-le-digital-lab-permettra-le-developpement-de-solutions-numeriques\/","url":"https:\/\/souss.digital\/en\/2024\/02\/reforme-de-leducation-le-digital-lab-permettra-le-developpement-de-solutions-numeriques\/","name":"R\u00e9forme de l'\u00e9ducation : Le \"Digital Lab\" permettra le d\u00e9veloppement de solutions num\u00e9riques - Souss Digital Gateway","isPartOf":{"@id":"https:\/\/souss.digital\/en\/#website"},"primaryImageOfPage":{"@id":"https:\/\/souss.digital\/en\/2024\/02\/reforme-de-leducation-le-digital-lab-permettra-le-developpement-de-solutions-numeriques\/#primaryimage"},"image":{"@id":"https:\/\/souss.digital\/en\/2024\/02\/reforme-de-leducation-le-digital-lab-permettra-le-developpement-de-solutions-numeriques\/#primaryimage"},"thumbnailUrl":"https:\/\/souss.digital\/wp-content\/uploads\/2024\/02\/reforme-de-leducation-le-digital-lab-permettra-le-developpement-de-solutions-numeriques.png","datePublished":"2024-02-03T14:57:53+00:00","dateModified":"2024-10-23T15:39:40+00:00","description":"R\u00e9forme de l'\u00e9ducation : Le \"Digital Lab\" permettra le d\u00e9veloppement de solutions num\u00e9riques R\u00e9gion | Souss Digital Gateway","breadcrumb":{"@id":"https:\/\/souss.digital\/en\/2024\/02\/reforme-de-leducation-le-digital-lab-permettra-le-developpement-de-solutions-numeriques\/#breadcrumb"},"inLanguage":"en-US","potentialAction":[{"@type":"ReadAction","target":["https:\/\/souss.digital\/en\/2024\/02\/reforme-de-leducation-le-digital-lab-permettra-le-developpement-de-solutions-numeriques\/"]}]},{"@type":"ImageObject","inLanguage":"en-US","@id":"https:\/\/souss.digital\/en\/2024\/02\/reforme-de-leducation-le-digital-lab-permettra-le-developpement-de-solutions-numeriques\/#primaryimage","url":"https:\/\/souss.digital\/wp-content\/uploads\/2024\/02\/reforme-de-leducation-le-digital-lab-permettra-le-developpement-de-solutions-numeriques.png","contentUrl":"https:\/\/souss.digital\/wp-content\/uploads\/2024\/02\/reforme-de-leducation-le-digital-lab-permettra-le-developpement-de-solutions-numeriques.png","width":1080,"height":1080},{"@type":"BreadcrumbList","@id":"https:\/\/souss.digital\/en\/2024\/02\/reforme-de-leducation-le-digital-lab-permettra-le-developpement-de-solutions-numeriques\/#breadcrumb","itemListElement":[{"@type":"ListItem","position":1,"name":"Accueil","item":"https:\/\/souss.digital\/en\/"},{"@type":"ListItem","position":2,"name":"R\u00e9forme de l&#8217;\u00e9ducation : Le &#8220;Digital Lab&#8221; permettra le d\u00e9veloppement de solutions num\u00e9riques"}]},{"@type":"WebSite","@id":"https:\/\/souss.digital\/en\/#website","url":"https:\/\/souss.digital\/en\/","name":"Souss Digital Gateway","description":"Your IT gateway to Souss Massa Region","publisher":{"@id":"https:\/\/souss.digital\/en\/#organization"},"potentialAction":[{"@type":"SearchAction","target":{"@type":"EntryPoint","urlTemplate":"https:\/\/souss.digital\/en\/?s={search_term_string}"},"query-input":{"@type":"PropertyValueSpecification","valueRequired":true,"valueName":"search_term_string"}}],"inLanguage":"en-US"},{"@type":"Organization","@id":"https:\/\/souss.digital\/en\/#organization","name":"Souss Digital Gateway","url":"https:\/\/souss.digital\/en\/","logo":{"@type":"ImageObject","inLanguage":"en-US","@id":"https:\/\/souss.digital\/en\/#\/schema\/logo\/image\/","url":"https:\/\/souss.digital\/wp-content\/uploads\/2023\/08\/souss-digital-logo-fond-blanc-2.png","contentUrl":"https:\/\/souss.digital\/wp-content\/uploads\/2023\/08\/souss-digital-logo-fond-blanc-2.png","width":612,"height":966,"caption":"Souss Digital Gateway"},"image":{"@id":"https:\/\/souss.digital\/en\/#\/schema\/logo\/image\/"},"sameAs":["https:\/\/web.facebook.com\/souss.digital.gateway","https:\/\/x.com\/soussdigital","https:\/\/www.instagram.com\/souss.digital.gateway\/","https:\/\/www.linkedin.com\/company\/souss-digital-gateway\/"]},{"@type":"Person","@id":"https:\/\/souss.digital\/en\/#\/schema\/person\/db06603b4409fd161629d332ecb1dc84","name":"gadiros","image":{"@type":"ImageObject","inLanguage":"en-US","@id":"https:\/\/secure.gravatar.com\/avatar\/9ee2e02fa65b15cc6908dbd562c96b7ad1a5afff3d08a499b528b0c33c7d84d8?s=96&d=mm&r=g","url":"https:\/\/secure.gravatar.com\/avatar\/9ee2e02fa65b15cc6908dbd562c96b7ad1a5afff3d08a499b528b0c33c7d84d8?s=96&d=mm&r=g","contentUrl":"https:\/\/secure.gravatar.com\/avatar\/9ee2e02fa65b15cc6908dbd562c96b7ad1a5afff3d08a499b528b0c33c7d84d8?s=96&d=mm&r=g","caption":"gadiros"},"sameAs":["https:\/\/souss.digital"]}]}},"_links":{"self":[{"href":"https:\/\/souss.digital\/en\/wp-json\/wp\/v2\/posts\/1892","targetHints":{"allow":["GET"]}}],"collection":[{"href":"https:\/\/souss.digital\/en\/wp-json\/wp\/v2\/posts"}],"about":[{"href":"https:\/\/souss.digital\/en\/wp-json\/wp\/v2\/types\/post"}],"author":[{"embeddable":true,"href":"https:\/\/souss.digital\/en\/wp-json\/wp\/v2\/users\/1"}],"replies":[{"embeddable":true,"href":"https:\/\/souss.digital\/en\/wp-json\/wp\/v2\/comments?post=1892"}],"version-history":[{"count":1,"href":"https:\/\/souss.digital\/en\/wp-json\/wp\/v2\/posts\/1892\/revisions"}],"predecessor-version":[{"id":2599,"href":"https:\/\/souss.digital\/en\/wp-json\/wp\/v2\/posts\/1892\/revisions\/2599"}],"wp:featuredmedia":[{"embeddable":true,"href":"https:\/\/souss.digital\/en\/wp-json\/wp\/v2\/media\/1699"}],"wp:attachment":[{"href":"https:\/\/souss.digital\/en\/wp-json\/wp\/v2\/media?parent=1892"}],"wp:term":[{"taxonomy":"category","embeddable":true,"href":"https:\/\/souss.digital\/en\/wp-json\/wp\/v2\/categories?post=1892"},{"taxonomy":"post_tag","embeddable":true,"href":"https:\/\/souss.digital\/en\/wp-json\/wp\/v2\/tags?post=1892"}],"curies":[{"name":"wp","href":"https:\/\/api.w.org\/{rel}","templated":true}]}}