{"id":1901,"date":"2024-01-10T15:00:48","date_gmt":"2024-01-10T14:00:48","guid":{"rendered":"https:\/\/souss.digital\/2024\/01\/universite-ibn-zohr-dagadir-bendou-dresse-son-bilan\/"},"modified":"2024-10-23T16:39:43","modified_gmt":"2024-10-23T15:39:43","slug":"universite-ibn-zohr-dagadir-bendou-dresse-son-bilan","status":"publish","type":"post","link":"https:\/\/souss.digital\/en\/2024\/01\/universite-ibn-zohr-dagadir-bendou-dresse-son-bilan\/","title":{"rendered":"Universit\u00e9 Ibn Zohr d\u2019agadir : Bendou dresse son bilan"},"content":{"rendered":"<p>Lors d&#8217;une rencontre initi\u00e9e par le Club r\u00e9gional de la presse, Abdelaziz Bendou, pr\u00e9sident de l&#8217;Universit\u00e9 Ibn Zohr d&#8217;Agadir, a pr\u00e9sent\u00e9 le bilan de la saison universitaire 2023-2024 et les d\u00e9fis majeurs auxquels l&#8217;universit\u00e9 est confront\u00e9e. Couvrant cinq r\u00e9gions, l&#8217;universit\u00e9 fait face \u00e0 des d\u00e9fis li\u00e9s \u00e0 l&#8217;impl\u00e9mentation du Pacte ESRI 2030 et \u00e0 son \u00e9tendue g\u00e9ographique. Au cours de l&#8217;exercice 2024-2023, l&#8217;universit\u00e9 a accueilli 152 077 \u00e9tudiants, dont 46 284 nouveaux \u00e9tudiants, dans le cadre de la nouvelle r\u00e9forme p\u00e9dagogique.<\/p>\n<p>&nbsp;<\/p>\n<p>Avec 1 758 professeurs chercheurs et 625 cadres administratifs et techniques, l&#8217;universit\u00e9 a recrut\u00e9 198 professeurs chercheurs et 86 cadres administratifs pour la saison en cours. Bien que l&#8217;universit\u00e9 b\u00e9n\u00e9ficie de 284 postes budg\u00e9taires pour la premi\u00e8re fois, Bendou a appel\u00e9 \u00e0 plus de postes pour combler les d\u00e9parts \u00e0 la retraite et am\u00e9liorer le taux d&#8217;encadrement, en mettant l&#8217;accent sur les centres d&#8217;excellence.<\/p>\n<p>&nbsp;<\/p>\n<p>Abdelaziz Bendou a soulign\u00e9 l&#8217;importance d&#8217;une formation doctorale de qualit\u00e9, avec 499 nouveaux doctorants inscrits en 2023-2024 et la mise en place de nouveaux cahiers de normes scientifiques et p\u00e9dagogiques nationales. L&#8217;universit\u00e9 dispose actuellement de 112 structures de recherche. Les activit\u00e9s de recherche scientifique ont montr\u00e9 un rendement croissant, avec une augmentation significative des publications dans des revues index\u00e9es, passant de 382 et 303 en 2018 \u00e0 962 et 581 en 2023.<\/p>\n<p>&nbsp;<\/p>\n<p>L&#8217;universit\u00e9 a \u00e9galement annonc\u00e9 la cr\u00e9ation de l&#8217;Institut national pour la recherche scientifique et technologique (Water IRT) en partenariat avec d&#8217;autres acteurs du secteur de l&#8217;eau dans la r\u00e9gion Souss-Massa, confront\u00e9e \u00e0 des probl\u00e8mes de stress hydrique.<\/p>\n<p>&nbsp;<\/p>\n<p>Abdelaziz Bendou a pr\u00e9sent\u00e9 les projets structurants de l&#8217;universit\u00e9, notamment la r\u00e9alisation de la Facult\u00e9 de m\u00e9decine et de pharmacie de La\u00e2youne, l&#8217;Ecole sup\u00e9rieure d&#8217;enseignement et de formation d&#8217;Ait-Melloul, et les extensions d&#8217;autres facult\u00e9s. Dans le cadre de la g\u00e9n\u00e9ralisation des centres &#8220;Code 212&#8221;, l&#8217;universit\u00e9 a ouvert le premier centre de coding op\u00e9rationnel au niveau national.<\/p>\n<p>&nbsp;<\/p>\n<p>En ce qui concerne l&#8217;Assurance maladie obligatoire (AMO) pour les \u00e9tudiants, l&#8217;objectif est d&#8217;atteindre 100 000 b\u00e9n\u00e9ficiaires cette saison, avec plus de 72 485 b\u00e9n\u00e9ficiaires d\u00e9j\u00e0 enregistr\u00e9s au cours de la saison 2022-2023. L&#8217;Universit\u00e9 Ibn Zohr se classe deuxi\u00e8me au niveau national en termes d&#8217;\u00e9tudiants b\u00e9n\u00e9ficiaires de l&#8217;AMO, avec un objectif d&#8217;atteindre huit centres universitaires. La capacit\u00e9 des r\u00e9sidences estudiantines s&#8217;\u00e9l\u00e8ve \u00e0 8 432 lits en 2023-2024, avec l&#8217;ouverture prochaine de la r\u00e9sidence estudiantine de Tilila pour r\u00e9pondre aux besoins des \u00e9tudiants, en particulier ceux de l&#8217;ENSA et de la Facult\u00e9 de m\u00e9decine et de pharmacie.<\/p>\n","protected":false},"excerpt":{"rendered":"<p>Lors d&#8217;une rencontre initi\u00e9e par le Club r\u00e9gional de la presse, Abdelaziz Bendou, pr\u00e9sident de l&#8217;Universit\u00e9 Ibn Zohr d&#8217;Agadir, a pr\u00e9sent\u00e9 le bilan de la saison universitaire 2023-2024 et les d\u00e9fis majeurs auxquels l&#8217;universit\u00e9 est confront\u00e9e. Couvrant cinq r\u00e9gions, l&#8217;universit\u00e9 fait face \u00e0 des d\u00e9fis li\u00e9s \u00e0 l&#8217;impl\u00e9mentation du Pacte ESRI 2030 et \u00e0 son [&hellip;]<\/p>\n","protected":false},"author":1,"featured_media":1686,"comment_status":"closed","ping_status":"open","sticky":false,"template":"","format":"standard","meta":{"_acf_changed":false,"footnotes":""},"categories":[25],"tags":[],"class_list":["post-1901","post","type-post","status-publish","format-standard","has-post-thumbnail","hentry","category-region-en"],"acf":[],"yoast_head":"<!-- This site is optimized with the Yoast SEO plugin v27.4 - https:\/\/yoast.com\/product\/yoast-seo-wordpress\/ -->\n<title>Universit\u00e9 Ibn Zohr d\u2019agadir : Bendou dresse son bilan - Souss Digital Gateway<\/title>\n<meta name=\"description\" content=\"Universit\u00e9 Ibn Zohr d\u2019agadir : Bendou dresse son bilan R\u00e9gion | Souss Digital Gateway\" \/>\n<meta name=\"robots\" content=\"index, follow, max-snippet:-1, max-image-preview:large, max-video-preview:-1\" \/>\n<link rel=\"canonical\" href=\"https:\/\/souss.digital\/en\/2024\/01\/universite-ibn-zohr-dagadir-bendou-dresse-son-bilan\/\" \/>\n<meta property=\"og:locale\" content=\"en_US\" \/>\n<meta property=\"og:type\" content=\"article\" \/>\n<meta property=\"og:title\" content=\"Universit\u00e9 Ibn Zohr d\u2019agadir : Bendou dresse son bilan - Souss Digital Gateway\" \/>\n<meta property=\"og:description\" content=\"Universit\u00e9 Ibn Zohr d\u2019agadir : Bendou dresse son bilan R\u00e9gion | Souss Digital Gateway\" \/>\n<meta property=\"og:url\" content=\"https:\/\/souss.digital\/en\/2024\/01\/universite-ibn-zohr-dagadir-bendou-dresse-son-bilan\/\" \/>\n<meta property=\"og:site_name\" content=\"Souss Digital Gateway\" \/>\n<meta property=\"article:publisher\" content=\"https:\/\/web.facebook.com\/souss.digital.gateway\" \/>\n<meta property=\"article:published_time\" content=\"2024-01-10T14:00:48+00:00\" \/>\n<meta property=\"article:modified_time\" content=\"2024-10-23T15:39:43+00:00\" \/>\n<meta property=\"og:image\" content=\"https:\/\/souss.digital\/wp-content\/uploads\/2024\/01\/universite-ibn-zohr-dagadir-bendou-dresse-son-bilan.png\" \/>\n\t<meta property=\"og:image:width\" content=\"1080\" \/>\n\t<meta property=\"og:image:height\" content=\"1080\" \/>\n\t<meta property=\"og:image:type\" content=\"image\/png\" \/>\n<meta name=\"author\" content=\"gadiros\" \/>\n<meta name=\"twitter:card\" content=\"summary_large_image\" \/>\n<meta name=\"twitter:creator\" content=\"@soussdigital\" \/>\n<meta name=\"twitter:site\" content=\"@soussdigital\" \/>\n<script type=\"application\/ld+json\" class=\"yoast-schema-graph\">{\"@context\":\"https:\\\/\\\/schema.org\",\"@graph\":[{\"@type\":\"Article\",\"@id\":\"https:\\\/\\\/souss.digital\\\/en\\\/2024\\\/01\\\/universite-ibn-zohr-dagadir-bendou-dresse-son-bilan\\\/#article\",\"isPartOf\":{\"@id\":\"https:\\\/\\\/souss.digital\\\/en\\\/2024\\\/01\\\/universite-ibn-zohr-dagadir-bendou-dresse-son-bilan\\\/\"},\"author\":{\"name\":\"gadiros\",\"@id\":\"https:\\\/\\\/souss.digital\\\/en\\\/#\\\/schema\\\/person\\\/db06603b4409fd161629d332ecb1dc84\"},\"headline\":\"Universit\u00e9 Ibn Zohr d\u2019agadir : Bendou dresse son bilan\",\"datePublished\":\"2024-01-10T14:00:48+00:00\",\"dateModified\":\"2024-10-23T15:39:43+00:00\",\"mainEntityOfPage\":{\"@id\":\"https:\\\/\\\/souss.digital\\\/en\\\/2024\\\/01\\\/universite-ibn-zohr-dagadir-bendou-dresse-son-bilan\\\/\"},\"wordCount\":471,\"publisher\":{\"@id\":\"https:\\\/\\\/souss.digital\\\/en\\\/#organization\"},\"image\":{\"@id\":\"https:\\\/\\\/souss.digital\\\/en\\\/2024\\\/01\\\/universite-ibn-zohr-dagadir-bendou-dresse-son-bilan\\\/#primaryimage\"},\"thumbnailUrl\":\"https:\\\/\\\/souss.digital\\\/wp-content\\\/uploads\\\/2024\\\/01\\\/universite-ibn-zohr-dagadir-bendou-dresse-son-bilan.png\",\"articleSection\":[\"R\u00e9gion\"],\"inLanguage\":\"en-US\"},{\"@type\":\"WebPage\",\"@id\":\"https:\\\/\\\/souss.digital\\\/en\\\/2024\\\/01\\\/universite-ibn-zohr-dagadir-bendou-dresse-son-bilan\\\/\",\"url\":\"https:\\\/\\\/souss.digital\\\/en\\\/2024\\\/01\\\/universite-ibn-zohr-dagadir-bendou-dresse-son-bilan\\\/\",\"name\":\"Universit\u00e9 Ibn Zohr d\u2019agadir : Bendou dresse son bilan - Souss Digital Gateway\",\"isPartOf\":{\"@id\":\"https:\\\/\\\/souss.digital\\\/en\\\/#website\"},\"primaryImageOfPage\":{\"@id\":\"https:\\\/\\\/souss.digital\\\/en\\\/2024\\\/01\\\/universite-ibn-zohr-dagadir-bendou-dresse-son-bilan\\\/#primaryimage\"},\"image\":{\"@id\":\"https:\\\/\\\/souss.digital\\\/en\\\/2024\\\/01\\\/universite-ibn-zohr-dagadir-bendou-dresse-son-bilan\\\/#primaryimage\"},\"thumbnailUrl\":\"https:\\\/\\\/souss.digital\\\/wp-content\\\/uploads\\\/2024\\\/01\\\/universite-ibn-zohr-dagadir-bendou-dresse-son-bilan.png\",\"datePublished\":\"2024-01-10T14:00:48+00:00\",\"dateModified\":\"2024-10-23T15:39:43+00:00\",\"description\":\"Universit\u00e9 Ibn Zohr d\u2019agadir : Bendou dresse son bilan R\u00e9gion | Souss Digital Gateway\",\"breadcrumb\":{\"@id\":\"https:\\\/\\\/souss.digital\\\/en\\\/2024\\\/01\\\/universite-ibn-zohr-dagadir-bendou-dresse-son-bilan\\\/#breadcrumb\"},\"inLanguage\":\"en-US\",\"potentialAction\":[{\"@type\":\"ReadAction\",\"target\":[\"https:\\\/\\\/souss.digital\\\/en\\\/2024\\\/01\\\/universite-ibn-zohr-dagadir-bendou-dresse-son-bilan\\\/\"]}]},{\"@type\":\"ImageObject\",\"inLanguage\":\"en-US\",\"@id\":\"https:\\\/\\\/souss.digital\\\/en\\\/2024\\\/01\\\/universite-ibn-zohr-dagadir-bendou-dresse-son-bilan\\\/#primaryimage\",\"url\":\"https:\\\/\\\/souss.digital\\\/wp-content\\\/uploads\\\/2024\\\/01\\\/universite-ibn-zohr-dagadir-bendou-dresse-son-bilan.png\",\"contentUrl\":\"https:\\\/\\\/souss.digital\\\/wp-content\\\/uploads\\\/2024\\\/01\\\/universite-ibn-zohr-dagadir-bendou-dresse-son-bilan.png\",\"width\":1080,\"height\":1080},{\"@type\":\"BreadcrumbList\",\"@id\":\"https:\\\/\\\/souss.digital\\\/en\\\/2024\\\/01\\\/universite-ibn-zohr-dagadir-bendou-dresse-son-bilan\\\/#breadcrumb\",\"itemListElement\":[{\"@type\":\"ListItem\",\"position\":1,\"name\":\"Accueil\",\"item\":\"https:\\\/\\\/souss.digital\\\/en\\\/\"},{\"@type\":\"ListItem\",\"position\":2,\"name\":\"Universit\u00e9 Ibn Zohr d\u2019agadir : Bendou dresse son bilan\"}]},{\"@type\":\"WebSite\",\"@id\":\"https:\\\/\\\/souss.digital\\\/en\\\/#website\",\"url\":\"https:\\\/\\\/souss.digital\\\/en\\\/\",\"name\":\"Souss Digital Gateway\",\"description\":\"Your IT gateway to Souss Massa Region\",\"publisher\":{\"@id\":\"https:\\\/\\\/souss.digital\\\/en\\\/#organization\"},\"potentialAction\":[{\"@type\":\"SearchAction\",\"target\":{\"@type\":\"EntryPoint\",\"urlTemplate\":\"https:\\\/\\\/souss.digital\\\/en\\\/?s={search_term_string}\"},\"query-input\":{\"@type\":\"PropertyValueSpecification\",\"valueRequired\":true,\"valueName\":\"search_term_string\"}}],\"inLanguage\":\"en-US\"},{\"@type\":\"Organization\",\"@id\":\"https:\\\/\\\/souss.digital\\\/en\\\/#organization\",\"name\":\"Souss Digital Gateway\",\"url\":\"https:\\\/\\\/souss.digital\\\/en\\\/\",\"logo\":{\"@type\":\"ImageObject\",\"inLanguage\":\"en-US\",\"@id\":\"https:\\\/\\\/souss.digital\\\/en\\\/#\\\/schema\\\/logo\\\/image\\\/\",\"url\":\"https:\\\/\\\/souss.digital\\\/wp-content\\\/uploads\\\/2023\\\/08\\\/souss-digital-logo-fond-blanc-2.png\",\"contentUrl\":\"https:\\\/\\\/souss.digital\\\/wp-content\\\/uploads\\\/2023\\\/08\\\/souss-digital-logo-fond-blanc-2.png\",\"width\":612,\"height\":966,\"caption\":\"Souss Digital Gateway\"},\"image\":{\"@id\":\"https:\\\/\\\/souss.digital\\\/en\\\/#\\\/schema\\\/logo\\\/image\\\/\"},\"sameAs\":[\"https:\\\/\\\/web.facebook.com\\\/souss.digital.gateway\",\"https:\\\/\\\/x.com\\\/soussdigital\",\"https:\\\/\\\/www.instagram.com\\\/souss.digital.gateway\\\/\",\"https:\\\/\\\/www.linkedin.com\\\/company\\\/souss-digital-gateway\\\/\"]},{\"@type\":\"Person\",\"@id\":\"https:\\\/\\\/souss.digital\\\/en\\\/#\\\/schema\\\/person\\\/db06603b4409fd161629d332ecb1dc84\",\"name\":\"gadiros\",\"image\":{\"@type\":\"ImageObject\",\"inLanguage\":\"en-US\",\"@id\":\"https:\\\/\\\/secure.gravatar.com\\\/avatar\\\/9ee2e02fa65b15cc6908dbd562c96b7ad1a5afff3d08a499b528b0c33c7d84d8?s=96&d=mm&r=g\",\"url\":\"https:\\\/\\\/secure.gravatar.com\\\/avatar\\\/9ee2e02fa65b15cc6908dbd562c96b7ad1a5afff3d08a499b528b0c33c7d84d8?s=96&d=mm&r=g\",\"contentUrl\":\"https:\\\/\\\/secure.gravatar.com\\\/avatar\\\/9ee2e02fa65b15cc6908dbd562c96b7ad1a5afff3d08a499b528b0c33c7d84d8?s=96&d=mm&r=g\",\"caption\":\"gadiros\"},\"sameAs\":[\"https:\\\/\\\/souss.digital\"]}]}<\/script>\n<!-- \/ Yoast SEO plugin. -->","yoast_head_json":{"title":"Universit\u00e9 Ibn Zohr d\u2019agadir : Bendou dresse son bilan - Souss Digital Gateway","description":"Universit\u00e9 Ibn Zohr d\u2019agadir : Bendou dresse son bilan R\u00e9gion | Souss Digital Gateway","robots":{"index":"index","follow":"follow","max-snippet":"max-snippet:-1","max-image-preview":"max-image-preview:large","max-video-preview":"max-video-preview:-1"},"canonical":"https:\/\/souss.digital\/en\/2024\/01\/universite-ibn-zohr-dagadir-bendou-dresse-son-bilan\/","og_locale":"en_US","og_type":"article","og_title":"Universit\u00e9 Ibn Zohr d\u2019agadir : Bendou dresse son bilan - Souss Digital Gateway","og_description":"Universit\u00e9 Ibn Zohr d\u2019agadir : Bendou dresse son bilan R\u00e9gion | Souss Digital Gateway","og_url":"https:\/\/souss.digital\/en\/2024\/01\/universite-ibn-zohr-dagadir-bendou-dresse-son-bilan\/","og_site_name":"Souss Digital Gateway","article_publisher":"https:\/\/web.facebook.com\/souss.digital.gateway","article_published_time":"2024-01-10T14:00:48+00:00","article_modified_time":"2024-10-23T15:39:43+00:00","og_image":[{"width":1080,"height":1080,"url":"https:\/\/souss.digital\/wp-content\/uploads\/2024\/01\/universite-ibn-zohr-dagadir-bendou-dresse-son-bilan.png","type":"image\/png"}],"author":"gadiros","twitter_card":"summary_large_image","twitter_creator":"@soussdigital","twitter_site":"@soussdigital","schema":{"@context":"https:\/\/schema.org","@graph":[{"@type":"Article","@id":"https:\/\/souss.digital\/en\/2024\/01\/universite-ibn-zohr-dagadir-bendou-dresse-son-bilan\/#article","isPartOf":{"@id":"https:\/\/souss.digital\/en\/2024\/01\/universite-ibn-zohr-dagadir-bendou-dresse-son-bilan\/"},"author":{"name":"gadiros","@id":"https:\/\/souss.digital\/en\/#\/schema\/person\/db06603b4409fd161629d332ecb1dc84"},"headline":"Universit\u00e9 Ibn Zohr d\u2019agadir : Bendou dresse son bilan","datePublished":"2024-01-10T14:00:48+00:00","dateModified":"2024-10-23T15:39:43+00:00","mainEntityOfPage":{"@id":"https:\/\/souss.digital\/en\/2024\/01\/universite-ibn-zohr-dagadir-bendou-dresse-son-bilan\/"},"wordCount":471,"publisher":{"@id":"https:\/\/souss.digital\/en\/#organization"},"image":{"@id":"https:\/\/souss.digital\/en\/2024\/01\/universite-ibn-zohr-dagadir-bendou-dresse-son-bilan\/#primaryimage"},"thumbnailUrl":"https:\/\/souss.digital\/wp-content\/uploads\/2024\/01\/universite-ibn-zohr-dagadir-bendou-dresse-son-bilan.png","articleSection":["R\u00e9gion"],"inLanguage":"en-US"},{"@type":"WebPage","@id":"https:\/\/souss.digital\/en\/2024\/01\/universite-ibn-zohr-dagadir-bendou-dresse-son-bilan\/","url":"https:\/\/souss.digital\/en\/2024\/01\/universite-ibn-zohr-dagadir-bendou-dresse-son-bilan\/","name":"Universit\u00e9 Ibn Zohr d\u2019agadir : Bendou dresse son bilan - Souss Digital Gateway","isPartOf":{"@id":"https:\/\/souss.digital\/en\/#website"},"primaryImageOfPage":{"@id":"https:\/\/souss.digital\/en\/2024\/01\/universite-ibn-zohr-dagadir-bendou-dresse-son-bilan\/#primaryimage"},"image":{"@id":"https:\/\/souss.digital\/en\/2024\/01\/universite-ibn-zohr-dagadir-bendou-dresse-son-bilan\/#primaryimage"},"thumbnailUrl":"https:\/\/souss.digital\/wp-content\/uploads\/2024\/01\/universite-ibn-zohr-dagadir-bendou-dresse-son-bilan.png","datePublished":"2024-01-10T14:00:48+00:00","dateModified":"2024-10-23T15:39:43+00:00","description":"Universit\u00e9 Ibn Zohr d\u2019agadir : Bendou dresse son bilan R\u00e9gion | Souss Digital Gateway","breadcrumb":{"@id":"https:\/\/souss.digital\/en\/2024\/01\/universite-ibn-zohr-dagadir-bendou-dresse-son-bilan\/#breadcrumb"},"inLanguage":"en-US","potentialAction":[{"@type":"ReadAction","target":["https:\/\/souss.digital\/en\/2024\/01\/universite-ibn-zohr-dagadir-bendou-dresse-son-bilan\/"]}]},{"@type":"ImageObject","inLanguage":"en-US","@id":"https:\/\/souss.digital\/en\/2024\/01\/universite-ibn-zohr-dagadir-bendou-dresse-son-bilan\/#primaryimage","url":"https:\/\/souss.digital\/wp-content\/uploads\/2024\/01\/universite-ibn-zohr-dagadir-bendou-dresse-son-bilan.png","contentUrl":"https:\/\/souss.digital\/wp-content\/uploads\/2024\/01\/universite-ibn-zohr-dagadir-bendou-dresse-son-bilan.png","width":1080,"height":1080},{"@type":"BreadcrumbList","@id":"https:\/\/souss.digital\/en\/2024\/01\/universite-ibn-zohr-dagadir-bendou-dresse-son-bilan\/#breadcrumb","itemListElement":[{"@type":"ListItem","position":1,"name":"Accueil","item":"https:\/\/souss.digital\/en\/"},{"@type":"ListItem","position":2,"name":"Universit\u00e9 Ibn Zohr d\u2019agadir : Bendou dresse son bilan"}]},{"@type":"WebSite","@id":"https:\/\/souss.digital\/en\/#website","url":"https:\/\/souss.digital\/en\/","name":"Souss Digital Gateway","description":"Your IT gateway to Souss Massa Region","publisher":{"@id":"https:\/\/souss.digital\/en\/#organization"},"potentialAction":[{"@type":"SearchAction","target":{"@type":"EntryPoint","urlTemplate":"https:\/\/souss.digital\/en\/?s={search_term_string}"},"query-input":{"@type":"PropertyValueSpecification","valueRequired":true,"valueName":"search_term_string"}}],"inLanguage":"en-US"},{"@type":"Organization","@id":"https:\/\/souss.digital\/en\/#organization","name":"Souss Digital Gateway","url":"https:\/\/souss.digital\/en\/","logo":{"@type":"ImageObject","inLanguage":"en-US","@id":"https:\/\/souss.digital\/en\/#\/schema\/logo\/image\/","url":"https:\/\/souss.digital\/wp-content\/uploads\/2023\/08\/souss-digital-logo-fond-blanc-2.png","contentUrl":"https:\/\/souss.digital\/wp-content\/uploads\/2023\/08\/souss-digital-logo-fond-blanc-2.png","width":612,"height":966,"caption":"Souss Digital Gateway"},"image":{"@id":"https:\/\/souss.digital\/en\/#\/schema\/logo\/image\/"},"sameAs":["https:\/\/web.facebook.com\/souss.digital.gateway","https:\/\/x.com\/soussdigital","https:\/\/www.instagram.com\/souss.digital.gateway\/","https:\/\/www.linkedin.com\/company\/souss-digital-gateway\/"]},{"@type":"Person","@id":"https:\/\/souss.digital\/en\/#\/schema\/person\/db06603b4409fd161629d332ecb1dc84","name":"gadiros","image":{"@type":"ImageObject","inLanguage":"en-US","@id":"https:\/\/secure.gravatar.com\/avatar\/9ee2e02fa65b15cc6908dbd562c96b7ad1a5afff3d08a499b528b0c33c7d84d8?s=96&d=mm&r=g","url":"https:\/\/secure.gravatar.com\/avatar\/9ee2e02fa65b15cc6908dbd562c96b7ad1a5afff3d08a499b528b0c33c7d84d8?s=96&d=mm&r=g","contentUrl":"https:\/\/secure.gravatar.com\/avatar\/9ee2e02fa65b15cc6908dbd562c96b7ad1a5afff3d08a499b528b0c33c7d84d8?s=96&d=mm&r=g","caption":"gadiros"},"sameAs":["https:\/\/souss.digital"]}]}},"_links":{"self":[{"href":"https:\/\/souss.digital\/en\/wp-json\/wp\/v2\/posts\/1901","targetHints":{"allow":["GET"]}}],"collection":[{"href":"https:\/\/souss.digital\/en\/wp-json\/wp\/v2\/posts"}],"about":[{"href":"https:\/\/souss.digital\/en\/wp-json\/wp\/v2\/types\/post"}],"author":[{"embeddable":true,"href":"https:\/\/souss.digital\/en\/wp-json\/wp\/v2\/users\/1"}],"replies":[{"embeddable":true,"href":"https:\/\/souss.digital\/en\/wp-json\/wp\/v2\/comments?post=1901"}],"version-history":[{"count":1,"href":"https:\/\/souss.digital\/en\/wp-json\/wp\/v2\/posts\/1901\/revisions"}],"predecessor-version":[{"id":2608,"href":"https:\/\/souss.digital\/en\/wp-json\/wp\/v2\/posts\/1901\/revisions\/2608"}],"wp:featuredmedia":[{"embeddable":true,"href":"https:\/\/souss.digital\/en\/wp-json\/wp\/v2\/media\/1686"}],"wp:attachment":[{"href":"https:\/\/souss.digital\/en\/wp-json\/wp\/v2\/media?parent=1901"}],"wp:term":[{"taxonomy":"category","embeddable":true,"href":"https:\/\/souss.digital\/en\/wp-json\/wp\/v2\/categories?post=1901"},{"taxonomy":"post_tag","embeddable":true,"href":"https:\/\/souss.digital\/en\/wp-json\/wp\/v2\/tags?post=1901"}],"curies":[{"name":"wp","href":"https:\/\/api.w.org\/{rel}","templated":true}]}}