{"id":1920,"date":"2023-12-08T14:34:45","date_gmt":"2023-12-08T13:34:45","guid":{"rendered":"https:\/\/souss.digital\/2023\/12\/assises-de-lausim-la-7eme-edition-prevue-en-octobre-a-marrakech\/"},"modified":"2024-10-23T16:40:08","modified_gmt":"2024-10-23T15:40:08","slug":"assises-de-lausim-la-7eme-edition-prevue-en-octobre-a-marrakech","status":"publish","type":"post","link":"https:\/\/souss.digital\/en\/2023\/12\/assises-de-lausim-la-7eme-edition-prevue-en-octobre-a-marrakech\/","title":{"rendered":"Assises de l\u2019Ausim : La 7\u00e8me \u00e9dition pr\u00e9vue en octobre \u00e0 Marrakech"},"content":{"rendered":"<p>Pour leur septi\u00e8me \u00e9dition, les Assises de l\u2019Ausim, qui auront lieu du 23 au 26 octobre 2024 \u00e0 Marrakech, s&#8217;annoncent comme un \u00e9v\u00e9nement majeur dans le domaine des syst\u00e8mes d\u2019information et du digital au Maroc. Organis\u00e9es par l\u2019Association des utilisateurs des syst\u00e8mes d\u2019information au Maroc (AUSIM), ces assises s&#8217;imposent comme un rendez-vous incontournable et h\u00e9ritent d&#8217;une tradition riche.<\/p>\n<p>&nbsp;<\/p>\n<p>La 7\u00e8me \u00e9dition promet d&#8217;\u00eatre un moment unique, o\u00f9 des d\u00e9bats et discussions approfondies contribueront \u00e0 fa\u00e7onner l\u2019avenir num\u00e9rique du Maroc et du continent africain. L&#8217;AUSIM, en tant qu&#8217;instance organisatrice, affirme que ces assises seront l&#8217;occasion d&#8217;explorer des sujets pointus, refl\u00e9tant les enjeux actuels et futurs du secteur.<\/p>\n<p>&nbsp;<\/p>\n<p>Les Assises de l\u2019Ausim se distinguent comme une plateforme majeure de r\u00e9flexion, d&#8217;\u00e9change, de partage de connaissances et de networking entre les professionnels et les acteurs des syst\u00e8mes d\u2019information au Maroc. Ce rendez-vous phare offre une tribune aux participants et intervenants pour d\u00e9battre des strat\u00e9gies visant \u00e0 faire des syst\u00e8mes d\u2019information et du digital des leviers de croissance pour l\u2019\u00e9conomie nationale, tout en les positionnant comme des outils de performance et de comp\u00e9titivit\u00e9 pour les entreprises.<\/p>\n<p>&nbsp;<\/p>\n<p>Au cours de ces assises, les discussions ne manqueront pas d&#8217;explorer les moyens d&#8217;optimiser l&#8217;int\u00e9gration des technologies num\u00e9riques, de promouvoir l&#8217;innovation dans les syst\u00e8mes d\u2019information, et de favoriser la transformation digitale des entreprises. En r\u00e9unissant des experts, des leaders d&#8217;opinion et des professionnels du secteur, l&#8217;\u00e9v\u00e9nement s&#8217;annonce comme un catalyseur essentiel pour le progr\u00e8s et l&#8217;\u00e9volution du paysage num\u00e9rique au Maroc.<\/p>\n","protected":false},"excerpt":{"rendered":"<p>Pour leur septi\u00e8me \u00e9dition, les Assises de l\u2019Ausim, qui auront lieu du 23 au 26 octobre 2024 \u00e0 Marrakech, s&#8217;annoncent comme un \u00e9v\u00e9nement majeur dans le domaine des syst\u00e8mes d\u2019information et du digital au Maroc. Organis\u00e9es par l\u2019Association des utilisateurs des syst\u00e8mes d\u2019information au Maroc (AUSIM), ces assises s&#8217;imposent comme un rendez-vous incontournable et h\u00e9ritent [&hellip;]<\/p>\n","protected":false},"author":1,"featured_media":1674,"comment_status":"closed","ping_status":"open","sticky":false,"template":"","format":"standard","meta":{"_acf_changed":false,"footnotes":""},"categories":[25],"tags":[],"class_list":["post-1920","post","type-post","status-publish","format-standard","has-post-thumbnail","hentry","category-region-en"],"acf":[],"yoast_head":"<!-- This site is optimized with the Yoast SEO plugin v27.4 - https:\/\/yoast.com\/product\/yoast-seo-wordpress\/ -->\n<title>Assises de l\u2019Ausim : La 7\u00e8me \u00e9dition pr\u00e9vue en octobre \u00e0 Marrakech - Souss Digital Gateway<\/title>\n<meta name=\"description\" content=\"Assises de l\u2019Ausim : La 7\u00e8me \u00e9dition pr\u00e9vue en octobre \u00e0 Marrakech R\u00e9gion | Souss Digital Gateway\" \/>\n<meta name=\"robots\" content=\"index, follow, max-snippet:-1, max-image-preview:large, max-video-preview:-1\" \/>\n<link rel=\"canonical\" href=\"https:\/\/souss.digital\/en\/2023\/12\/assises-de-lausim-la-7eme-edition-prevue-en-octobre-a-marrakech\/\" \/>\n<meta property=\"og:locale\" content=\"en_US\" \/>\n<meta property=\"og:type\" content=\"article\" \/>\n<meta property=\"og:title\" content=\"Assises de l\u2019Ausim : La 7\u00e8me \u00e9dition pr\u00e9vue en octobre \u00e0 Marrakech - Souss Digital Gateway\" \/>\n<meta property=\"og:description\" content=\"Assises de l\u2019Ausim : La 7\u00e8me \u00e9dition pr\u00e9vue en octobre \u00e0 Marrakech R\u00e9gion | Souss Digital Gateway\" \/>\n<meta property=\"og:url\" content=\"https:\/\/souss.digital\/en\/2023\/12\/assises-de-lausim-la-7eme-edition-prevue-en-octobre-a-marrakech\/\" \/>\n<meta property=\"og:site_name\" content=\"Souss Digital Gateway\" \/>\n<meta property=\"article:publisher\" content=\"https:\/\/web.facebook.com\/souss.digital.gateway\" \/>\n<meta property=\"article:published_time\" content=\"2023-12-08T13:34:45+00:00\" \/>\n<meta property=\"article:modified_time\" content=\"2024-10-23T15:40:08+00:00\" \/>\n<meta property=\"og:image\" content=\"https:\/\/souss.digital\/wp-content\/uploads\/2023\/12\/assises-de-lausim-la-7eme-edition-prevue-en-octobre-a-marrakech.png\" \/>\n\t<meta property=\"og:image:width\" content=\"1080\" \/>\n\t<meta property=\"og:image:height\" content=\"1080\" \/>\n\t<meta property=\"og:image:type\" content=\"image\/png\" \/>\n<meta name=\"author\" content=\"gadiros\" \/>\n<meta name=\"twitter:card\" content=\"summary_large_image\" \/>\n<meta name=\"twitter:creator\" content=\"@soussdigital\" \/>\n<meta name=\"twitter:site\" content=\"@soussdigital\" \/>\n<script type=\"application\/ld+json\" class=\"yoast-schema-graph\">{\"@context\":\"https:\\\/\\\/schema.org\",\"@graph\":[{\"@type\":\"Article\",\"@id\":\"https:\\\/\\\/souss.digital\\\/en\\\/2023\\\/12\\\/assises-de-lausim-la-7eme-edition-prevue-en-octobre-a-marrakech\\\/#article\",\"isPartOf\":{\"@id\":\"https:\\\/\\\/souss.digital\\\/en\\\/2023\\\/12\\\/assises-de-lausim-la-7eme-edition-prevue-en-octobre-a-marrakech\\\/\"},\"author\":{\"name\":\"gadiros\",\"@id\":\"https:\\\/\\\/souss.digital\\\/en\\\/#\\\/schema\\\/person\\\/db06603b4409fd161629d332ecb1dc84\"},\"headline\":\"Assises de l\u2019Ausim : La 7\u00e8me \u00e9dition pr\u00e9vue en octobre \u00e0 Marrakech\",\"datePublished\":\"2023-12-08T13:34:45+00:00\",\"dateModified\":\"2024-10-23T15:40:08+00:00\",\"mainEntityOfPage\":{\"@id\":\"https:\\\/\\\/souss.digital\\\/en\\\/2023\\\/12\\\/assises-de-lausim-la-7eme-edition-prevue-en-octobre-a-marrakech\\\/\"},\"wordCount\":302,\"publisher\":{\"@id\":\"https:\\\/\\\/souss.digital\\\/en\\\/#organization\"},\"image\":{\"@id\":\"https:\\\/\\\/souss.digital\\\/en\\\/2023\\\/12\\\/assises-de-lausim-la-7eme-edition-prevue-en-octobre-a-marrakech\\\/#primaryimage\"},\"thumbnailUrl\":\"https:\\\/\\\/souss.digital\\\/wp-content\\\/uploads\\\/2023\\\/12\\\/assises-de-lausim-la-7eme-edition-prevue-en-octobre-a-marrakech.png\",\"articleSection\":[\"R\u00e9gion\"],\"inLanguage\":\"en-US\"},{\"@type\":\"WebPage\",\"@id\":\"https:\\\/\\\/souss.digital\\\/en\\\/2023\\\/12\\\/assises-de-lausim-la-7eme-edition-prevue-en-octobre-a-marrakech\\\/\",\"url\":\"https:\\\/\\\/souss.digital\\\/en\\\/2023\\\/12\\\/assises-de-lausim-la-7eme-edition-prevue-en-octobre-a-marrakech\\\/\",\"name\":\"Assises de l\u2019Ausim : La 7\u00e8me \u00e9dition pr\u00e9vue en octobre \u00e0 Marrakech - Souss Digital Gateway\",\"isPartOf\":{\"@id\":\"https:\\\/\\\/souss.digital\\\/en\\\/#website\"},\"primaryImageOfPage\":{\"@id\":\"https:\\\/\\\/souss.digital\\\/en\\\/2023\\\/12\\\/assises-de-lausim-la-7eme-edition-prevue-en-octobre-a-marrakech\\\/#primaryimage\"},\"image\":{\"@id\":\"https:\\\/\\\/souss.digital\\\/en\\\/2023\\\/12\\\/assises-de-lausim-la-7eme-edition-prevue-en-octobre-a-marrakech\\\/#primaryimage\"},\"thumbnailUrl\":\"https:\\\/\\\/souss.digital\\\/wp-content\\\/uploads\\\/2023\\\/12\\\/assises-de-lausim-la-7eme-edition-prevue-en-octobre-a-marrakech.png\",\"datePublished\":\"2023-12-08T13:34:45+00:00\",\"dateModified\":\"2024-10-23T15:40:08+00:00\",\"description\":\"Assises de l\u2019Ausim : La 7\u00e8me \u00e9dition pr\u00e9vue en octobre \u00e0 Marrakech R\u00e9gion | Souss Digital Gateway\",\"breadcrumb\":{\"@id\":\"https:\\\/\\\/souss.digital\\\/en\\\/2023\\\/12\\\/assises-de-lausim-la-7eme-edition-prevue-en-octobre-a-marrakech\\\/#breadcrumb\"},\"inLanguage\":\"en-US\",\"potentialAction\":[{\"@type\":\"ReadAction\",\"target\":[\"https:\\\/\\\/souss.digital\\\/en\\\/2023\\\/12\\\/assises-de-lausim-la-7eme-edition-prevue-en-octobre-a-marrakech\\\/\"]}]},{\"@type\":\"ImageObject\",\"inLanguage\":\"en-US\",\"@id\":\"https:\\\/\\\/souss.digital\\\/en\\\/2023\\\/12\\\/assises-de-lausim-la-7eme-edition-prevue-en-octobre-a-marrakech\\\/#primaryimage\",\"url\":\"https:\\\/\\\/souss.digital\\\/wp-content\\\/uploads\\\/2023\\\/12\\\/assises-de-lausim-la-7eme-edition-prevue-en-octobre-a-marrakech.png\",\"contentUrl\":\"https:\\\/\\\/souss.digital\\\/wp-content\\\/uploads\\\/2023\\\/12\\\/assises-de-lausim-la-7eme-edition-prevue-en-octobre-a-marrakech.png\",\"width\":1080,\"height\":1080},{\"@type\":\"BreadcrumbList\",\"@id\":\"https:\\\/\\\/souss.digital\\\/en\\\/2023\\\/12\\\/assises-de-lausim-la-7eme-edition-prevue-en-octobre-a-marrakech\\\/#breadcrumb\",\"itemListElement\":[{\"@type\":\"ListItem\",\"position\":1,\"name\":\"Accueil\",\"item\":\"https:\\\/\\\/souss.digital\\\/en\\\/\"},{\"@type\":\"ListItem\",\"position\":2,\"name\":\"Assises de l\u2019Ausim : La 7\u00e8me \u00e9dition pr\u00e9vue en octobre \u00e0 Marrakech\"}]},{\"@type\":\"WebSite\",\"@id\":\"https:\\\/\\\/souss.digital\\\/en\\\/#website\",\"url\":\"https:\\\/\\\/souss.digital\\\/en\\\/\",\"name\":\"Souss Digital Gateway\",\"description\":\"Your IT gateway to Souss Massa Region\",\"publisher\":{\"@id\":\"https:\\\/\\\/souss.digital\\\/en\\\/#organization\"},\"potentialAction\":[{\"@type\":\"SearchAction\",\"target\":{\"@type\":\"EntryPoint\",\"urlTemplate\":\"https:\\\/\\\/souss.digital\\\/en\\\/?s={search_term_string}\"},\"query-input\":{\"@type\":\"PropertyValueSpecification\",\"valueRequired\":true,\"valueName\":\"search_term_string\"}}],\"inLanguage\":\"en-US\"},{\"@type\":\"Organization\",\"@id\":\"https:\\\/\\\/souss.digital\\\/en\\\/#organization\",\"name\":\"Souss Digital Gateway\",\"url\":\"https:\\\/\\\/souss.digital\\\/en\\\/\",\"logo\":{\"@type\":\"ImageObject\",\"inLanguage\":\"en-US\",\"@id\":\"https:\\\/\\\/souss.digital\\\/en\\\/#\\\/schema\\\/logo\\\/image\\\/\",\"url\":\"https:\\\/\\\/souss.digital\\\/wp-content\\\/uploads\\\/2023\\\/08\\\/souss-digital-logo-fond-blanc-2.png\",\"contentUrl\":\"https:\\\/\\\/souss.digital\\\/wp-content\\\/uploads\\\/2023\\\/08\\\/souss-digital-logo-fond-blanc-2.png\",\"width\":612,\"height\":966,\"caption\":\"Souss Digital Gateway\"},\"image\":{\"@id\":\"https:\\\/\\\/souss.digital\\\/en\\\/#\\\/schema\\\/logo\\\/image\\\/\"},\"sameAs\":[\"https:\\\/\\\/web.facebook.com\\\/souss.digital.gateway\",\"https:\\\/\\\/x.com\\\/soussdigital\",\"https:\\\/\\\/www.instagram.com\\\/souss.digital.gateway\\\/\",\"https:\\\/\\\/www.linkedin.com\\\/company\\\/souss-digital-gateway\\\/\"]},{\"@type\":\"Person\",\"@id\":\"https:\\\/\\\/souss.digital\\\/en\\\/#\\\/schema\\\/person\\\/db06603b4409fd161629d332ecb1dc84\",\"name\":\"gadiros\",\"image\":{\"@type\":\"ImageObject\",\"inLanguage\":\"en-US\",\"@id\":\"https:\\\/\\\/secure.gravatar.com\\\/avatar\\\/9ee2e02fa65b15cc6908dbd562c96b7ad1a5afff3d08a499b528b0c33c7d84d8?s=96&d=mm&r=g\",\"url\":\"https:\\\/\\\/secure.gravatar.com\\\/avatar\\\/9ee2e02fa65b15cc6908dbd562c96b7ad1a5afff3d08a499b528b0c33c7d84d8?s=96&d=mm&r=g\",\"contentUrl\":\"https:\\\/\\\/secure.gravatar.com\\\/avatar\\\/9ee2e02fa65b15cc6908dbd562c96b7ad1a5afff3d08a499b528b0c33c7d84d8?s=96&d=mm&r=g\",\"caption\":\"gadiros\"},\"sameAs\":[\"https:\\\/\\\/souss.digital\"]}]}<\/script>\n<!-- \/ Yoast SEO plugin. -->","yoast_head_json":{"title":"Assises de l\u2019Ausim : La 7\u00e8me \u00e9dition pr\u00e9vue en octobre \u00e0 Marrakech - Souss Digital Gateway","description":"Assises de l\u2019Ausim : La 7\u00e8me \u00e9dition pr\u00e9vue en octobre \u00e0 Marrakech R\u00e9gion | Souss Digital Gateway","robots":{"index":"index","follow":"follow","max-snippet":"max-snippet:-1","max-image-preview":"max-image-preview:large","max-video-preview":"max-video-preview:-1"},"canonical":"https:\/\/souss.digital\/en\/2023\/12\/assises-de-lausim-la-7eme-edition-prevue-en-octobre-a-marrakech\/","og_locale":"en_US","og_type":"article","og_title":"Assises de l\u2019Ausim : La 7\u00e8me \u00e9dition pr\u00e9vue en octobre \u00e0 Marrakech - Souss Digital Gateway","og_description":"Assises de l\u2019Ausim : La 7\u00e8me \u00e9dition pr\u00e9vue en octobre \u00e0 Marrakech R\u00e9gion | Souss Digital Gateway","og_url":"https:\/\/souss.digital\/en\/2023\/12\/assises-de-lausim-la-7eme-edition-prevue-en-octobre-a-marrakech\/","og_site_name":"Souss Digital Gateway","article_publisher":"https:\/\/web.facebook.com\/souss.digital.gateway","article_published_time":"2023-12-08T13:34:45+00:00","article_modified_time":"2024-10-23T15:40:08+00:00","og_image":[{"width":1080,"height":1080,"url":"https:\/\/souss.digital\/wp-content\/uploads\/2023\/12\/assises-de-lausim-la-7eme-edition-prevue-en-octobre-a-marrakech.png","type":"image\/png"}],"author":"gadiros","twitter_card":"summary_large_image","twitter_creator":"@soussdigital","twitter_site":"@soussdigital","schema":{"@context":"https:\/\/schema.org","@graph":[{"@type":"Article","@id":"https:\/\/souss.digital\/en\/2023\/12\/assises-de-lausim-la-7eme-edition-prevue-en-octobre-a-marrakech\/#article","isPartOf":{"@id":"https:\/\/souss.digital\/en\/2023\/12\/assises-de-lausim-la-7eme-edition-prevue-en-octobre-a-marrakech\/"},"author":{"name":"gadiros","@id":"https:\/\/souss.digital\/en\/#\/schema\/person\/db06603b4409fd161629d332ecb1dc84"},"headline":"Assises de l\u2019Ausim : La 7\u00e8me \u00e9dition pr\u00e9vue en octobre \u00e0 Marrakech","datePublished":"2023-12-08T13:34:45+00:00","dateModified":"2024-10-23T15:40:08+00:00","mainEntityOfPage":{"@id":"https:\/\/souss.digital\/en\/2023\/12\/assises-de-lausim-la-7eme-edition-prevue-en-octobre-a-marrakech\/"},"wordCount":302,"publisher":{"@id":"https:\/\/souss.digital\/en\/#organization"},"image":{"@id":"https:\/\/souss.digital\/en\/2023\/12\/assises-de-lausim-la-7eme-edition-prevue-en-octobre-a-marrakech\/#primaryimage"},"thumbnailUrl":"https:\/\/souss.digital\/wp-content\/uploads\/2023\/12\/assises-de-lausim-la-7eme-edition-prevue-en-octobre-a-marrakech.png","articleSection":["R\u00e9gion"],"inLanguage":"en-US"},{"@type":"WebPage","@id":"https:\/\/souss.digital\/en\/2023\/12\/assises-de-lausim-la-7eme-edition-prevue-en-octobre-a-marrakech\/","url":"https:\/\/souss.digital\/en\/2023\/12\/assises-de-lausim-la-7eme-edition-prevue-en-octobre-a-marrakech\/","name":"Assises de l\u2019Ausim : La 7\u00e8me \u00e9dition pr\u00e9vue en octobre \u00e0 Marrakech - Souss Digital Gateway","isPartOf":{"@id":"https:\/\/souss.digital\/en\/#website"},"primaryImageOfPage":{"@id":"https:\/\/souss.digital\/en\/2023\/12\/assises-de-lausim-la-7eme-edition-prevue-en-octobre-a-marrakech\/#primaryimage"},"image":{"@id":"https:\/\/souss.digital\/en\/2023\/12\/assises-de-lausim-la-7eme-edition-prevue-en-octobre-a-marrakech\/#primaryimage"},"thumbnailUrl":"https:\/\/souss.digital\/wp-content\/uploads\/2023\/12\/assises-de-lausim-la-7eme-edition-prevue-en-octobre-a-marrakech.png","datePublished":"2023-12-08T13:34:45+00:00","dateModified":"2024-10-23T15:40:08+00:00","description":"Assises de l\u2019Ausim : La 7\u00e8me \u00e9dition pr\u00e9vue en octobre \u00e0 Marrakech R\u00e9gion | Souss Digital Gateway","breadcrumb":{"@id":"https:\/\/souss.digital\/en\/2023\/12\/assises-de-lausim-la-7eme-edition-prevue-en-octobre-a-marrakech\/#breadcrumb"},"inLanguage":"en-US","potentialAction":[{"@type":"ReadAction","target":["https:\/\/souss.digital\/en\/2023\/12\/assises-de-lausim-la-7eme-edition-prevue-en-octobre-a-marrakech\/"]}]},{"@type":"ImageObject","inLanguage":"en-US","@id":"https:\/\/souss.digital\/en\/2023\/12\/assises-de-lausim-la-7eme-edition-prevue-en-octobre-a-marrakech\/#primaryimage","url":"https:\/\/souss.digital\/wp-content\/uploads\/2023\/12\/assises-de-lausim-la-7eme-edition-prevue-en-octobre-a-marrakech.png","contentUrl":"https:\/\/souss.digital\/wp-content\/uploads\/2023\/12\/assises-de-lausim-la-7eme-edition-prevue-en-octobre-a-marrakech.png","width":1080,"height":1080},{"@type":"BreadcrumbList","@id":"https:\/\/souss.digital\/en\/2023\/12\/assises-de-lausim-la-7eme-edition-prevue-en-octobre-a-marrakech\/#breadcrumb","itemListElement":[{"@type":"ListItem","position":1,"name":"Accueil","item":"https:\/\/souss.digital\/en\/"},{"@type":"ListItem","position":2,"name":"Assises de l\u2019Ausim : La 7\u00e8me \u00e9dition pr\u00e9vue en octobre \u00e0 Marrakech"}]},{"@type":"WebSite","@id":"https:\/\/souss.digital\/en\/#website","url":"https:\/\/souss.digital\/en\/","name":"Souss Digital Gateway","description":"Your IT gateway to Souss Massa Region","publisher":{"@id":"https:\/\/souss.digital\/en\/#organization"},"potentialAction":[{"@type":"SearchAction","target":{"@type":"EntryPoint","urlTemplate":"https:\/\/souss.digital\/en\/?s={search_term_string}"},"query-input":{"@type":"PropertyValueSpecification","valueRequired":true,"valueName":"search_term_string"}}],"inLanguage":"en-US"},{"@type":"Organization","@id":"https:\/\/souss.digital\/en\/#organization","name":"Souss Digital Gateway","url":"https:\/\/souss.digital\/en\/","logo":{"@type":"ImageObject","inLanguage":"en-US","@id":"https:\/\/souss.digital\/en\/#\/schema\/logo\/image\/","url":"https:\/\/souss.digital\/wp-content\/uploads\/2023\/08\/souss-digital-logo-fond-blanc-2.png","contentUrl":"https:\/\/souss.digital\/wp-content\/uploads\/2023\/08\/souss-digital-logo-fond-blanc-2.png","width":612,"height":966,"caption":"Souss Digital Gateway"},"image":{"@id":"https:\/\/souss.digital\/en\/#\/schema\/logo\/image\/"},"sameAs":["https:\/\/web.facebook.com\/souss.digital.gateway","https:\/\/x.com\/soussdigital","https:\/\/www.instagram.com\/souss.digital.gateway\/","https:\/\/www.linkedin.com\/company\/souss-digital-gateway\/"]},{"@type":"Person","@id":"https:\/\/souss.digital\/en\/#\/schema\/person\/db06603b4409fd161629d332ecb1dc84","name":"gadiros","image":{"@type":"ImageObject","inLanguage":"en-US","@id":"https:\/\/secure.gravatar.com\/avatar\/9ee2e02fa65b15cc6908dbd562c96b7ad1a5afff3d08a499b528b0c33c7d84d8?s=96&d=mm&r=g","url":"https:\/\/secure.gravatar.com\/avatar\/9ee2e02fa65b15cc6908dbd562c96b7ad1a5afff3d08a499b528b0c33c7d84d8?s=96&d=mm&r=g","contentUrl":"https:\/\/secure.gravatar.com\/avatar\/9ee2e02fa65b15cc6908dbd562c96b7ad1a5afff3d08a499b528b0c33c7d84d8?s=96&d=mm&r=g","caption":"gadiros"},"sameAs":["https:\/\/souss.digital"]}]}},"_links":{"self":[{"href":"https:\/\/souss.digital\/en\/wp-json\/wp\/v2\/posts\/1920","targetHints":{"allow":["GET"]}}],"collection":[{"href":"https:\/\/souss.digital\/en\/wp-json\/wp\/v2\/posts"}],"about":[{"href":"https:\/\/souss.digital\/en\/wp-json\/wp\/v2\/types\/post"}],"author":[{"embeddable":true,"href":"https:\/\/souss.digital\/en\/wp-json\/wp\/v2\/users\/1"}],"replies":[{"embeddable":true,"href":"https:\/\/souss.digital\/en\/wp-json\/wp\/v2\/comments?post=1920"}],"version-history":[{"count":1,"href":"https:\/\/souss.digital\/en\/wp-json\/wp\/v2\/posts\/1920\/revisions"}],"predecessor-version":[{"id":2627,"href":"https:\/\/souss.digital\/en\/wp-json\/wp\/v2\/posts\/1920\/revisions\/2627"}],"wp:featuredmedia":[{"embeddable":true,"href":"https:\/\/souss.digital\/en\/wp-json\/wp\/v2\/media\/1674"}],"wp:attachment":[{"href":"https:\/\/souss.digital\/en\/wp-json\/wp\/v2\/media?parent=1920"}],"wp:term":[{"taxonomy":"category","embeddable":true,"href":"https:\/\/souss.digital\/en\/wp-json\/wp\/v2\/categories?post=1920"},{"taxonomy":"post_tag","embeddable":true,"href":"https:\/\/souss.digital\/en\/wp-json\/wp\/v2\/tags?post=1920"}],"curies":[{"name":"wp","href":"https:\/\/api.w.org\/{rel}","templated":true}]}}