{"id":1924,"date":"2023-11-29T15:35:15","date_gmt":"2023-11-29T14:35:15","guid":{"rendered":"https:\/\/souss.digital\/2023\/11\/agadir-la-cgem-fait-sa-rentree-economique\/"},"modified":"2024-10-23T16:40:23","modified_gmt":"2024-10-23T15:40:23","slug":"agadir-la-cgem-fait-sa-rentree-economique","status":"publish","type":"post","link":"https:\/\/souss.digital\/en\/2023\/11\/agadir-la-cgem-fait-sa-rentree-economique\/","title":{"rendered":"Agadir : la CGEM fait sa rentr\u00e9e \u00e9conomique"},"content":{"rendered":"<p>La r\u00e9gion Souss-Massa du Maroc, en tant que sixi\u00e8me r\u00e9gion contributrice au PIB national \u00e0 hauteur de 6,7%, vise \u00e0 consolider son ancrage africain conform\u00e9ment aux discours royaux r\u00e9cents. Les orientations royales, notamment celles de 2019 et de cette ann\u00e9e, soulignent l&#8217;importance de faire de la fa\u00e7ade atlantique du Maroc un puissant levier d&#8217;int\u00e9gration \u00e9conomique. Pour soutenir cette vision, la section r\u00e9gionale de la Conf\u00e9d\u00e9ration g\u00e9n\u00e9rale des entreprises du Maroc (CGEM) organise sa rentr\u00e9e \u00e9conomique sous le th\u00e8me de la vocation centrale, africaine et atlantique du territoire.<\/p>\n<p>&nbsp;<\/p>\n<p>Driss Boutti, \u00e0 la t\u00eate de la section r\u00e9gionale de la CGEM, souligne l&#8217;importance de se tourner vers l&#8217;Afrique, identifi\u00e9e comme un march\u00e9 porteur et un moteur de croissance. Il met en avant la n\u00e9cessit\u00e9 de d\u00e9velopper des \u00e9changes commerciaux et de favoriser les grands projets de connectivit\u00e9 routi\u00e8re, maritime et a\u00e9rienne pour maximiser les avantages de la r\u00e9gion.<\/p>\n<p>&nbsp;<\/p>\n<p>La r\u00e9gion Souss-Massa participe d\u00e9j\u00e0 \u00e0 des initiatives, telles que la voie express Tiznit-Dakhla, contribuant \u00e0 sa connectivit\u00e9 avec les march\u00e9s de l&#8217;Afrique subsaharienne. Les projets en cours incluent la r\u00e9alisation du port sec sous douane d&#8217;Agadir et la mise \u00e0 niveau du port d&#8217;Agadir, mobilisant des investissements significatifs.<\/p>\n<p>&nbsp;<\/p>\n<p>Deux lignes maritimes reliant Agadir \u00e0 Dakar (S\u00e9n\u00e9gal) et Abidjan (C\u00f4te d&#8217;Ivoire) sont \u00e9galement pr\u00e9vues, compl\u00e9tant le r\u00f4le du port sec d&#8217;Agadir en tant que trait d&#8217;union entre le hub portuaire et logistique de Tanger Med et Agadir. Ces initiatives visent \u00e0 maximiser les \u00e9changes avec l&#8217;Afrique subsaharienne, align\u00e9es sur la vocation atlantique soulign\u00e9e dans les discours royaux r\u00e9cents.<\/p>\n<p>&nbsp;<\/p>\n<p style=\"background: white;\">La rentr\u00e9e \u00e9conomique de la CGEM Souss-Massa a \u00e9t\u00e9 marqu\u00e9e par la signature de conventions de partenariat visant \u00e0 promouvoir l&#8217;emploi. Ces partenariats incluent des accords avec l&#8217;OFPPT et le Groupe Leoni, qui pr\u00e9voit de cr\u00e9er plus de 3 000 emplois dans la Zone d&#8217;acc\u00e9l\u00e9ration industrielle d&#8217;Agadir, ainsi qu&#8217;un accord avec Meditech Gloves Morocco pour plus de 400 emplois. Ces initiatives soulignent l&#8217;engagement de la r\u00e9gion \u00e0 renforcer son r\u00f4le \u00e9conomique, favoriser l&#8217;emploi et consolider ses liens avec le continent africain.<\/p>\n<p>Source : leseco.ma<\/p>\n<p>&nbsp;<\/p>\n","protected":false},"excerpt":{"rendered":"<p>La r\u00e9gion Souss-Massa du Maroc, en tant que sixi\u00e8me r\u00e9gion contributrice au PIB national \u00e0 hauteur de 6,7%, vise \u00e0 consolider son ancrage africain conform\u00e9ment aux discours royaux r\u00e9cents. Les orientations royales, notamment celles de 2019 et de cette ann\u00e9e, soulignent l&#8217;importance de faire de la fa\u00e7ade atlantique du Maroc un puissant levier d&#8217;int\u00e9gration \u00e9conomique. [&hellip;]<\/p>\n","protected":false},"author":1,"featured_media":1668,"comment_status":"closed","ping_status":"open","sticky":false,"template":"","format":"standard","meta":{"_acf_changed":false,"footnotes":""},"categories":[25],"tags":[],"class_list":["post-1924","post","type-post","status-publish","format-standard","has-post-thumbnail","hentry","category-region-en"],"acf":[],"yoast_head":"<!-- This site is optimized with the Yoast SEO plugin v27.4 - https:\/\/yoast.com\/product\/yoast-seo-wordpress\/ -->\n<title>Agadir : la CGEM fait sa rentr\u00e9e \u00e9conomique - Souss Digital Gateway<\/title>\n<meta name=\"description\" content=\"Agadir : la CGEM fait sa rentr\u00e9e \u00e9conomique R\u00e9gion | Souss Digital Gateway\" \/>\n<meta name=\"robots\" content=\"index, follow, max-snippet:-1, max-image-preview:large, max-video-preview:-1\" \/>\n<link rel=\"canonical\" href=\"https:\/\/souss.digital\/en\/2023\/11\/agadir-la-cgem-fait-sa-rentree-economique\/\" \/>\n<meta property=\"og:locale\" content=\"en_US\" \/>\n<meta property=\"og:type\" content=\"article\" \/>\n<meta property=\"og:title\" content=\"Agadir : la CGEM fait sa rentr\u00e9e \u00e9conomique - Souss Digital Gateway\" \/>\n<meta property=\"og:description\" content=\"Agadir : la CGEM fait sa rentr\u00e9e \u00e9conomique R\u00e9gion | Souss Digital Gateway\" \/>\n<meta property=\"og:url\" content=\"https:\/\/souss.digital\/en\/2023\/11\/agadir-la-cgem-fait-sa-rentree-economique\/\" \/>\n<meta property=\"og:site_name\" content=\"Souss Digital Gateway\" \/>\n<meta property=\"article:publisher\" content=\"https:\/\/web.facebook.com\/souss.digital.gateway\" \/>\n<meta property=\"article:published_time\" content=\"2023-11-29T14:35:15+00:00\" \/>\n<meta property=\"article:modified_time\" content=\"2024-10-23T15:40:23+00:00\" \/>\n<meta property=\"og:image\" content=\"https:\/\/souss.digital\/wp-content\/uploads\/2023\/12\/agadir-la-cgem-fait-sa-rentree-economique.png\" \/>\n\t<meta property=\"og:image:width\" content=\"1080\" \/>\n\t<meta property=\"og:image:height\" content=\"1080\" \/>\n\t<meta property=\"og:image:type\" content=\"image\/png\" \/>\n<meta name=\"author\" content=\"gadiros\" \/>\n<meta name=\"twitter:card\" content=\"summary_large_image\" \/>\n<meta name=\"twitter:creator\" content=\"@soussdigital\" \/>\n<meta name=\"twitter:site\" content=\"@soussdigital\" \/>\n<script type=\"application\/ld+json\" class=\"yoast-schema-graph\">{\"@context\":\"https:\\\/\\\/schema.org\",\"@graph\":[{\"@type\":\"Article\",\"@id\":\"https:\\\/\\\/souss.digital\\\/en\\\/2023\\\/11\\\/agadir-la-cgem-fait-sa-rentree-economique\\\/#article\",\"isPartOf\":{\"@id\":\"https:\\\/\\\/souss.digital\\\/en\\\/2023\\\/11\\\/agadir-la-cgem-fait-sa-rentree-economique\\\/\"},\"author\":{\"name\":\"gadiros\",\"@id\":\"https:\\\/\\\/souss.digital\\\/en\\\/#\\\/schema\\\/person\\\/db06603b4409fd161629d332ecb1dc84\"},\"headline\":\"Agadir : la CGEM fait sa rentr\u00e9e \u00e9conomique\",\"datePublished\":\"2023-11-29T14:35:15+00:00\",\"dateModified\":\"2024-10-23T15:40:23+00:00\",\"mainEntityOfPage\":{\"@id\":\"https:\\\/\\\/souss.digital\\\/en\\\/2023\\\/11\\\/agadir-la-cgem-fait-sa-rentree-economique\\\/\"},\"wordCount\":398,\"publisher\":{\"@id\":\"https:\\\/\\\/souss.digital\\\/en\\\/#organization\"},\"image\":{\"@id\":\"https:\\\/\\\/souss.digital\\\/en\\\/2023\\\/11\\\/agadir-la-cgem-fait-sa-rentree-economique\\\/#primaryimage\"},\"thumbnailUrl\":\"https:\\\/\\\/souss.digital\\\/wp-content\\\/uploads\\\/2023\\\/12\\\/agadir-la-cgem-fait-sa-rentree-economique.png\",\"articleSection\":[\"R\u00e9gion\"],\"inLanguage\":\"en-US\"},{\"@type\":\"WebPage\",\"@id\":\"https:\\\/\\\/souss.digital\\\/en\\\/2023\\\/11\\\/agadir-la-cgem-fait-sa-rentree-economique\\\/\",\"url\":\"https:\\\/\\\/souss.digital\\\/en\\\/2023\\\/11\\\/agadir-la-cgem-fait-sa-rentree-economique\\\/\",\"name\":\"Agadir : la CGEM fait sa rentr\u00e9e \u00e9conomique - Souss Digital Gateway\",\"isPartOf\":{\"@id\":\"https:\\\/\\\/souss.digital\\\/en\\\/#website\"},\"primaryImageOfPage\":{\"@id\":\"https:\\\/\\\/souss.digital\\\/en\\\/2023\\\/11\\\/agadir-la-cgem-fait-sa-rentree-economique\\\/#primaryimage\"},\"image\":{\"@id\":\"https:\\\/\\\/souss.digital\\\/en\\\/2023\\\/11\\\/agadir-la-cgem-fait-sa-rentree-economique\\\/#primaryimage\"},\"thumbnailUrl\":\"https:\\\/\\\/souss.digital\\\/wp-content\\\/uploads\\\/2023\\\/12\\\/agadir-la-cgem-fait-sa-rentree-economique.png\",\"datePublished\":\"2023-11-29T14:35:15+00:00\",\"dateModified\":\"2024-10-23T15:40:23+00:00\",\"description\":\"Agadir : la CGEM fait sa rentr\u00e9e \u00e9conomique R\u00e9gion | Souss Digital Gateway\",\"breadcrumb\":{\"@id\":\"https:\\\/\\\/souss.digital\\\/en\\\/2023\\\/11\\\/agadir-la-cgem-fait-sa-rentree-economique\\\/#breadcrumb\"},\"inLanguage\":\"en-US\",\"potentialAction\":[{\"@type\":\"ReadAction\",\"target\":[\"https:\\\/\\\/souss.digital\\\/en\\\/2023\\\/11\\\/agadir-la-cgem-fait-sa-rentree-economique\\\/\"]}]},{\"@type\":\"ImageObject\",\"inLanguage\":\"en-US\",\"@id\":\"https:\\\/\\\/souss.digital\\\/en\\\/2023\\\/11\\\/agadir-la-cgem-fait-sa-rentree-economique\\\/#primaryimage\",\"url\":\"https:\\\/\\\/souss.digital\\\/wp-content\\\/uploads\\\/2023\\\/12\\\/agadir-la-cgem-fait-sa-rentree-economique.png\",\"contentUrl\":\"https:\\\/\\\/souss.digital\\\/wp-content\\\/uploads\\\/2023\\\/12\\\/agadir-la-cgem-fait-sa-rentree-economique.png\",\"width\":1080,\"height\":1080},{\"@type\":\"BreadcrumbList\",\"@id\":\"https:\\\/\\\/souss.digital\\\/en\\\/2023\\\/11\\\/agadir-la-cgem-fait-sa-rentree-economique\\\/#breadcrumb\",\"itemListElement\":[{\"@type\":\"ListItem\",\"position\":1,\"name\":\"Accueil\",\"item\":\"https:\\\/\\\/souss.digital\\\/en\\\/\"},{\"@type\":\"ListItem\",\"position\":2,\"name\":\"Agadir : la CGEM fait sa rentr\u00e9e \u00e9conomique\"}]},{\"@type\":\"WebSite\",\"@id\":\"https:\\\/\\\/souss.digital\\\/en\\\/#website\",\"url\":\"https:\\\/\\\/souss.digital\\\/en\\\/\",\"name\":\"Souss Digital Gateway\",\"description\":\"Your IT gateway to Souss Massa Region\",\"publisher\":{\"@id\":\"https:\\\/\\\/souss.digital\\\/en\\\/#organization\"},\"potentialAction\":[{\"@type\":\"SearchAction\",\"target\":{\"@type\":\"EntryPoint\",\"urlTemplate\":\"https:\\\/\\\/souss.digital\\\/en\\\/?s={search_term_string}\"},\"query-input\":{\"@type\":\"PropertyValueSpecification\",\"valueRequired\":true,\"valueName\":\"search_term_string\"}}],\"inLanguage\":\"en-US\"},{\"@type\":\"Organization\",\"@id\":\"https:\\\/\\\/souss.digital\\\/en\\\/#organization\",\"name\":\"Souss Digital Gateway\",\"url\":\"https:\\\/\\\/souss.digital\\\/en\\\/\",\"logo\":{\"@type\":\"ImageObject\",\"inLanguage\":\"en-US\",\"@id\":\"https:\\\/\\\/souss.digital\\\/en\\\/#\\\/schema\\\/logo\\\/image\\\/\",\"url\":\"https:\\\/\\\/souss.digital\\\/wp-content\\\/uploads\\\/2023\\\/08\\\/souss-digital-logo-fond-blanc-2.png\",\"contentUrl\":\"https:\\\/\\\/souss.digital\\\/wp-content\\\/uploads\\\/2023\\\/08\\\/souss-digital-logo-fond-blanc-2.png\",\"width\":612,\"height\":966,\"caption\":\"Souss Digital Gateway\"},\"image\":{\"@id\":\"https:\\\/\\\/souss.digital\\\/en\\\/#\\\/schema\\\/logo\\\/image\\\/\"},\"sameAs\":[\"https:\\\/\\\/web.facebook.com\\\/souss.digital.gateway\",\"https:\\\/\\\/x.com\\\/soussdigital\",\"https:\\\/\\\/www.instagram.com\\\/souss.digital.gateway\\\/\",\"https:\\\/\\\/www.linkedin.com\\\/company\\\/souss-digital-gateway\\\/\"]},{\"@type\":\"Person\",\"@id\":\"https:\\\/\\\/souss.digital\\\/en\\\/#\\\/schema\\\/person\\\/db06603b4409fd161629d332ecb1dc84\",\"name\":\"gadiros\",\"image\":{\"@type\":\"ImageObject\",\"inLanguage\":\"en-US\",\"@id\":\"https:\\\/\\\/secure.gravatar.com\\\/avatar\\\/9ee2e02fa65b15cc6908dbd562c96b7ad1a5afff3d08a499b528b0c33c7d84d8?s=96&d=mm&r=g\",\"url\":\"https:\\\/\\\/secure.gravatar.com\\\/avatar\\\/9ee2e02fa65b15cc6908dbd562c96b7ad1a5afff3d08a499b528b0c33c7d84d8?s=96&d=mm&r=g\",\"contentUrl\":\"https:\\\/\\\/secure.gravatar.com\\\/avatar\\\/9ee2e02fa65b15cc6908dbd562c96b7ad1a5afff3d08a499b528b0c33c7d84d8?s=96&d=mm&r=g\",\"caption\":\"gadiros\"},\"sameAs\":[\"https:\\\/\\\/souss.digital\"]}]}<\/script>\n<!-- \/ Yoast SEO plugin. -->","yoast_head_json":{"title":"Agadir : la CGEM fait sa rentr\u00e9e \u00e9conomique - Souss Digital Gateway","description":"Agadir : la CGEM fait sa rentr\u00e9e \u00e9conomique R\u00e9gion | Souss Digital Gateway","robots":{"index":"index","follow":"follow","max-snippet":"max-snippet:-1","max-image-preview":"max-image-preview:large","max-video-preview":"max-video-preview:-1"},"canonical":"https:\/\/souss.digital\/en\/2023\/11\/agadir-la-cgem-fait-sa-rentree-economique\/","og_locale":"en_US","og_type":"article","og_title":"Agadir : la CGEM fait sa rentr\u00e9e \u00e9conomique - Souss Digital Gateway","og_description":"Agadir : la CGEM fait sa rentr\u00e9e \u00e9conomique R\u00e9gion | Souss Digital Gateway","og_url":"https:\/\/souss.digital\/en\/2023\/11\/agadir-la-cgem-fait-sa-rentree-economique\/","og_site_name":"Souss Digital Gateway","article_publisher":"https:\/\/web.facebook.com\/souss.digital.gateway","article_published_time":"2023-11-29T14:35:15+00:00","article_modified_time":"2024-10-23T15:40:23+00:00","og_image":[{"width":1080,"height":1080,"url":"https:\/\/souss.digital\/wp-content\/uploads\/2023\/12\/agadir-la-cgem-fait-sa-rentree-economique.png","type":"image\/png"}],"author":"gadiros","twitter_card":"summary_large_image","twitter_creator":"@soussdigital","twitter_site":"@soussdigital","schema":{"@context":"https:\/\/schema.org","@graph":[{"@type":"Article","@id":"https:\/\/souss.digital\/en\/2023\/11\/agadir-la-cgem-fait-sa-rentree-economique\/#article","isPartOf":{"@id":"https:\/\/souss.digital\/en\/2023\/11\/agadir-la-cgem-fait-sa-rentree-economique\/"},"author":{"name":"gadiros","@id":"https:\/\/souss.digital\/en\/#\/schema\/person\/db06603b4409fd161629d332ecb1dc84"},"headline":"Agadir : la CGEM fait sa rentr\u00e9e \u00e9conomique","datePublished":"2023-11-29T14:35:15+00:00","dateModified":"2024-10-23T15:40:23+00:00","mainEntityOfPage":{"@id":"https:\/\/souss.digital\/en\/2023\/11\/agadir-la-cgem-fait-sa-rentree-economique\/"},"wordCount":398,"publisher":{"@id":"https:\/\/souss.digital\/en\/#organization"},"image":{"@id":"https:\/\/souss.digital\/en\/2023\/11\/agadir-la-cgem-fait-sa-rentree-economique\/#primaryimage"},"thumbnailUrl":"https:\/\/souss.digital\/wp-content\/uploads\/2023\/12\/agadir-la-cgem-fait-sa-rentree-economique.png","articleSection":["R\u00e9gion"],"inLanguage":"en-US"},{"@type":"WebPage","@id":"https:\/\/souss.digital\/en\/2023\/11\/agadir-la-cgem-fait-sa-rentree-economique\/","url":"https:\/\/souss.digital\/en\/2023\/11\/agadir-la-cgem-fait-sa-rentree-economique\/","name":"Agadir : la CGEM fait sa rentr\u00e9e \u00e9conomique - Souss Digital Gateway","isPartOf":{"@id":"https:\/\/souss.digital\/en\/#website"},"primaryImageOfPage":{"@id":"https:\/\/souss.digital\/en\/2023\/11\/agadir-la-cgem-fait-sa-rentree-economique\/#primaryimage"},"image":{"@id":"https:\/\/souss.digital\/en\/2023\/11\/agadir-la-cgem-fait-sa-rentree-economique\/#primaryimage"},"thumbnailUrl":"https:\/\/souss.digital\/wp-content\/uploads\/2023\/12\/agadir-la-cgem-fait-sa-rentree-economique.png","datePublished":"2023-11-29T14:35:15+00:00","dateModified":"2024-10-23T15:40:23+00:00","description":"Agadir : la CGEM fait sa rentr\u00e9e \u00e9conomique R\u00e9gion | Souss Digital Gateway","breadcrumb":{"@id":"https:\/\/souss.digital\/en\/2023\/11\/agadir-la-cgem-fait-sa-rentree-economique\/#breadcrumb"},"inLanguage":"en-US","potentialAction":[{"@type":"ReadAction","target":["https:\/\/souss.digital\/en\/2023\/11\/agadir-la-cgem-fait-sa-rentree-economique\/"]}]},{"@type":"ImageObject","inLanguage":"en-US","@id":"https:\/\/souss.digital\/en\/2023\/11\/agadir-la-cgem-fait-sa-rentree-economique\/#primaryimage","url":"https:\/\/souss.digital\/wp-content\/uploads\/2023\/12\/agadir-la-cgem-fait-sa-rentree-economique.png","contentUrl":"https:\/\/souss.digital\/wp-content\/uploads\/2023\/12\/agadir-la-cgem-fait-sa-rentree-economique.png","width":1080,"height":1080},{"@type":"BreadcrumbList","@id":"https:\/\/souss.digital\/en\/2023\/11\/agadir-la-cgem-fait-sa-rentree-economique\/#breadcrumb","itemListElement":[{"@type":"ListItem","position":1,"name":"Accueil","item":"https:\/\/souss.digital\/en\/"},{"@type":"ListItem","position":2,"name":"Agadir : la CGEM fait sa rentr\u00e9e \u00e9conomique"}]},{"@type":"WebSite","@id":"https:\/\/souss.digital\/en\/#website","url":"https:\/\/souss.digital\/en\/","name":"Souss Digital Gateway","description":"Your IT gateway to Souss Massa Region","publisher":{"@id":"https:\/\/souss.digital\/en\/#organization"},"potentialAction":[{"@type":"SearchAction","target":{"@type":"EntryPoint","urlTemplate":"https:\/\/souss.digital\/en\/?s={search_term_string}"},"query-input":{"@type":"PropertyValueSpecification","valueRequired":true,"valueName":"search_term_string"}}],"inLanguage":"en-US"},{"@type":"Organization","@id":"https:\/\/souss.digital\/en\/#organization","name":"Souss Digital Gateway","url":"https:\/\/souss.digital\/en\/","logo":{"@type":"ImageObject","inLanguage":"en-US","@id":"https:\/\/souss.digital\/en\/#\/schema\/logo\/image\/","url":"https:\/\/souss.digital\/wp-content\/uploads\/2023\/08\/souss-digital-logo-fond-blanc-2.png","contentUrl":"https:\/\/souss.digital\/wp-content\/uploads\/2023\/08\/souss-digital-logo-fond-blanc-2.png","width":612,"height":966,"caption":"Souss Digital Gateway"},"image":{"@id":"https:\/\/souss.digital\/en\/#\/schema\/logo\/image\/"},"sameAs":["https:\/\/web.facebook.com\/souss.digital.gateway","https:\/\/x.com\/soussdigital","https:\/\/www.instagram.com\/souss.digital.gateway\/","https:\/\/www.linkedin.com\/company\/souss-digital-gateway\/"]},{"@type":"Person","@id":"https:\/\/souss.digital\/en\/#\/schema\/person\/db06603b4409fd161629d332ecb1dc84","name":"gadiros","image":{"@type":"ImageObject","inLanguage":"en-US","@id":"https:\/\/secure.gravatar.com\/avatar\/9ee2e02fa65b15cc6908dbd562c96b7ad1a5afff3d08a499b528b0c33c7d84d8?s=96&d=mm&r=g","url":"https:\/\/secure.gravatar.com\/avatar\/9ee2e02fa65b15cc6908dbd562c96b7ad1a5afff3d08a499b528b0c33c7d84d8?s=96&d=mm&r=g","contentUrl":"https:\/\/secure.gravatar.com\/avatar\/9ee2e02fa65b15cc6908dbd562c96b7ad1a5afff3d08a499b528b0c33c7d84d8?s=96&d=mm&r=g","caption":"gadiros"},"sameAs":["https:\/\/souss.digital"]}]}},"_links":{"self":[{"href":"https:\/\/souss.digital\/en\/wp-json\/wp\/v2\/posts\/1924","targetHints":{"allow":["GET"]}}],"collection":[{"href":"https:\/\/souss.digital\/en\/wp-json\/wp\/v2\/posts"}],"about":[{"href":"https:\/\/souss.digital\/en\/wp-json\/wp\/v2\/types\/post"}],"author":[{"embeddable":true,"href":"https:\/\/souss.digital\/en\/wp-json\/wp\/v2\/users\/1"}],"replies":[{"embeddable":true,"href":"https:\/\/souss.digital\/en\/wp-json\/wp\/v2\/comments?post=1924"}],"version-history":[{"count":1,"href":"https:\/\/souss.digital\/en\/wp-json\/wp\/v2\/posts\/1924\/revisions"}],"predecessor-version":[{"id":2631,"href":"https:\/\/souss.digital\/en\/wp-json\/wp\/v2\/posts\/1924\/revisions\/2631"}],"wp:featuredmedia":[{"embeddable":true,"href":"https:\/\/souss.digital\/en\/wp-json\/wp\/v2\/media\/1668"}],"wp:attachment":[{"href":"https:\/\/souss.digital\/en\/wp-json\/wp\/v2\/media?parent=1924"}],"wp:term":[{"taxonomy":"category","embeddable":true,"href":"https:\/\/souss.digital\/en\/wp-json\/wp\/v2\/categories?post=1924"},{"taxonomy":"post_tag","embeddable":true,"href":"https:\/\/souss.digital\/en\/wp-json\/wp\/v2\/tags?post=1924"}],"curies":[{"name":"wp","href":"https:\/\/api.w.org\/{rel}","templated":true}]}}