{"id":1938,"date":"2023-11-21T09:28:49","date_gmt":"2023-11-21T08:28:49","guid":{"rendered":"https:\/\/souss.digital\/2023\/11\/intelligence-artificielle-acceleration-day-pour-montrer-les-mutations-du-monde-professionnel\/"},"modified":"2024-10-23T16:40:29","modified_gmt":"2024-10-23T15:40:29","slug":"intelligence-artificielle-acceleration-day-pour-montrer-les-mutations-du-monde-professionnel","status":"publish","type":"post","link":"https:\/\/souss.digital\/en\/2023\/11\/intelligence-artificielle-acceleration-day-pour-montrer-les-mutations-du-monde-professionnel\/","title":{"rendered":"Intelligence artificielle : Acceleration Day pour montrer les mutations du monde professionnel"},"content":{"rendered":"<p>Digit&#8217;All Academy a organis\u00e9 l&#8217;\u00e9v\u00e9nement Acceleration Day \u00e0 Casablanca en octobre, offrant une formation immersive sur l&#8217;Intelligence Artificielle G\u00e9n\u00e9rative (IAG). La session, anim\u00e9e par Ghislain Labay, expert en e-commerce et IAG, a permis aux participants de d\u00e9crypter les concepts cl\u00e9s de l&#8217;IA et d&#8217;exp\u00e9rimenter des technologies phares telles que Chat GPT, Midjourney, DALL-E et Stable Diffusion. Labay a soulign\u00e9 que l&#8217;IAG, avec des technologies comme Chat GPT et Midjourney, a attir\u00e9 des millions d&#8217;utilisateurs, mais a \u00e9galement averti sur la n\u00e9cessit\u00e9 de la prudence pour \u00e9viter les exc\u00e8s. L&#8217;IAG offre une palette infinie de possibilit\u00e9s, influen\u00e7ant des domaines tels que les r\u00e9seaux sociaux, la data science, les ressources humaines, la relation client, les services bancaires et les assurances. Les sessions de formation de Digit&#8217;All Academy visent \u00e0 optimiser l&#8217;efficacit\u00e9 et la productivit\u00e9 des dirigeants, entrepreneurs et professionnels gr\u00e2ce \u00e0 l&#8217;intelligence artificielle.<\/p>\n<p>Source : aujourdhui.ma<\/p>\n","protected":false},"excerpt":{"rendered":"<p>Digit&#8217;All Academy a organis\u00e9 l&#8217;\u00e9v\u00e9nement Acceleration Day \u00e0 Casablanca en octobre, offrant une formation immersive sur l&#8217;Intelligence Artificielle G\u00e9n\u00e9rative (IAG). La session, anim\u00e9e par Ghislain Labay, expert en e-commerce et IAG, a permis aux participants de d\u00e9crypter les concepts cl\u00e9s de l&#8217;IA et d&#8217;exp\u00e9rimenter des technologies phares telles que Chat GPT, Midjourney, DALL-E et Stable [&hellip;]<\/p>\n","protected":false},"author":1,"featured_media":1647,"comment_status":"closed","ping_status":"open","sticky":false,"template":"","format":"standard","meta":{"_acf_changed":false,"footnotes":""},"categories":[27],"tags":[],"class_list":["post-1938","post","type-post","status-publish","format-standard","has-post-thumbnail","hentry","category-afrique-en"],"acf":[],"yoast_head":"<!-- This site is optimized with the Yoast SEO plugin v27.4 - https:\/\/yoast.com\/product\/yoast-seo-wordpress\/ -->\n<title>Intelligence artificielle : Acceleration Day pour montrer les mutations du monde professionnel - Souss Digital Gateway<\/title>\n<meta name=\"description\" content=\"Intelligence artificielle : Acceleration Day pour montrer les mutations du monde professionnel Afrique | Souss Digital Gateway\" \/>\n<meta name=\"robots\" content=\"index, follow, max-snippet:-1, max-image-preview:large, max-video-preview:-1\" \/>\n<link rel=\"canonical\" href=\"https:\/\/souss.digital\/en\/2023\/11\/intelligence-artificielle-acceleration-day-pour-montrer-les-mutations-du-monde-professionnel\/\" \/>\n<meta property=\"og:locale\" content=\"en_US\" \/>\n<meta property=\"og:type\" content=\"article\" \/>\n<meta property=\"og:title\" content=\"Intelligence artificielle : Acceleration Day pour montrer les mutations du monde professionnel - Souss Digital Gateway\" \/>\n<meta property=\"og:description\" content=\"Intelligence artificielle : Acceleration Day pour montrer les mutations du monde professionnel Afrique | Souss Digital Gateway\" \/>\n<meta property=\"og:url\" content=\"https:\/\/souss.digital\/en\/2023\/11\/intelligence-artificielle-acceleration-day-pour-montrer-les-mutations-du-monde-professionnel\/\" \/>\n<meta property=\"og:site_name\" content=\"Souss Digital Gateway\" \/>\n<meta property=\"article:publisher\" content=\"https:\/\/web.facebook.com\/souss.digital.gateway\" \/>\n<meta property=\"article:published_time\" content=\"2023-11-21T08:28:49+00:00\" \/>\n<meta property=\"article:modified_time\" content=\"2024-10-23T15:40:29+00:00\" \/>\n<meta property=\"og:image\" content=\"https:\/\/souss.digital\/wp-content\/uploads\/2023\/11\/intelligence-artificielle-acceleration-day-pour-montrer-les-mutations-du-monde-professionnel.png\" \/>\n\t<meta property=\"og:image:width\" content=\"1080\" \/>\n\t<meta property=\"og:image:height\" content=\"1080\" \/>\n\t<meta property=\"og:image:type\" content=\"image\/png\" \/>\n<meta name=\"author\" content=\"gadiros\" \/>\n<meta name=\"twitter:card\" content=\"summary_large_image\" \/>\n<meta name=\"twitter:creator\" content=\"@soussdigital\" \/>\n<meta name=\"twitter:site\" content=\"@soussdigital\" \/>\n<script type=\"application\/ld+json\" class=\"yoast-schema-graph\">{\"@context\":\"https:\\\/\\\/schema.org\",\"@graph\":[{\"@type\":\"Article\",\"@id\":\"https:\\\/\\\/souss.digital\\\/en\\\/2023\\\/11\\\/intelligence-artificielle-acceleration-day-pour-montrer-les-mutations-du-monde-professionnel\\\/#article\",\"isPartOf\":{\"@id\":\"https:\\\/\\\/souss.digital\\\/en\\\/2023\\\/11\\\/intelligence-artificielle-acceleration-day-pour-montrer-les-mutations-du-monde-professionnel\\\/\"},\"author\":{\"name\":\"gadiros\",\"@id\":\"https:\\\/\\\/souss.digital\\\/en\\\/#\\\/schema\\\/person\\\/db06603b4409fd161629d332ecb1dc84\"},\"headline\":\"Intelligence artificielle : Acceleration Day pour montrer les mutations du monde professionnel\",\"datePublished\":\"2023-11-21T08:28:49+00:00\",\"dateModified\":\"2024-10-23T15:40:29+00:00\",\"mainEntityOfPage\":{\"@id\":\"https:\\\/\\\/souss.digital\\\/en\\\/2023\\\/11\\\/intelligence-artificielle-acceleration-day-pour-montrer-les-mutations-du-monde-professionnel\\\/\"},\"wordCount\":176,\"publisher\":{\"@id\":\"https:\\\/\\\/souss.digital\\\/en\\\/#organization\"},\"image\":{\"@id\":\"https:\\\/\\\/souss.digital\\\/en\\\/2023\\\/11\\\/intelligence-artificielle-acceleration-day-pour-montrer-les-mutations-du-monde-professionnel\\\/#primaryimage\"},\"thumbnailUrl\":\"https:\\\/\\\/souss.digital\\\/wp-content\\\/uploads\\\/2023\\\/11\\\/intelligence-artificielle-acceleration-day-pour-montrer-les-mutations-du-monde-professionnel.png\",\"articleSection\":[\"Afrique\"],\"inLanguage\":\"en-US\"},{\"@type\":\"WebPage\",\"@id\":\"https:\\\/\\\/souss.digital\\\/en\\\/2023\\\/11\\\/intelligence-artificielle-acceleration-day-pour-montrer-les-mutations-du-monde-professionnel\\\/\",\"url\":\"https:\\\/\\\/souss.digital\\\/en\\\/2023\\\/11\\\/intelligence-artificielle-acceleration-day-pour-montrer-les-mutations-du-monde-professionnel\\\/\",\"name\":\"Intelligence artificielle : Acceleration Day pour montrer les mutations du monde professionnel - Souss Digital Gateway\",\"isPartOf\":{\"@id\":\"https:\\\/\\\/souss.digital\\\/en\\\/#website\"},\"primaryImageOfPage\":{\"@id\":\"https:\\\/\\\/souss.digital\\\/en\\\/2023\\\/11\\\/intelligence-artificielle-acceleration-day-pour-montrer-les-mutations-du-monde-professionnel\\\/#primaryimage\"},\"image\":{\"@id\":\"https:\\\/\\\/souss.digital\\\/en\\\/2023\\\/11\\\/intelligence-artificielle-acceleration-day-pour-montrer-les-mutations-du-monde-professionnel\\\/#primaryimage\"},\"thumbnailUrl\":\"https:\\\/\\\/souss.digital\\\/wp-content\\\/uploads\\\/2023\\\/11\\\/intelligence-artificielle-acceleration-day-pour-montrer-les-mutations-du-monde-professionnel.png\",\"datePublished\":\"2023-11-21T08:28:49+00:00\",\"dateModified\":\"2024-10-23T15:40:29+00:00\",\"description\":\"Intelligence artificielle : Acceleration Day pour montrer les mutations du monde professionnel Afrique | Souss Digital Gateway\",\"breadcrumb\":{\"@id\":\"https:\\\/\\\/souss.digital\\\/en\\\/2023\\\/11\\\/intelligence-artificielle-acceleration-day-pour-montrer-les-mutations-du-monde-professionnel\\\/#breadcrumb\"},\"inLanguage\":\"en-US\",\"potentialAction\":[{\"@type\":\"ReadAction\",\"target\":[\"https:\\\/\\\/souss.digital\\\/en\\\/2023\\\/11\\\/intelligence-artificielle-acceleration-day-pour-montrer-les-mutations-du-monde-professionnel\\\/\"]}]},{\"@type\":\"ImageObject\",\"inLanguage\":\"en-US\",\"@id\":\"https:\\\/\\\/souss.digital\\\/en\\\/2023\\\/11\\\/intelligence-artificielle-acceleration-day-pour-montrer-les-mutations-du-monde-professionnel\\\/#primaryimage\",\"url\":\"https:\\\/\\\/souss.digital\\\/wp-content\\\/uploads\\\/2023\\\/11\\\/intelligence-artificielle-acceleration-day-pour-montrer-les-mutations-du-monde-professionnel.png\",\"contentUrl\":\"https:\\\/\\\/souss.digital\\\/wp-content\\\/uploads\\\/2023\\\/11\\\/intelligence-artificielle-acceleration-day-pour-montrer-les-mutations-du-monde-professionnel.png\",\"width\":1080,\"height\":1080},{\"@type\":\"BreadcrumbList\",\"@id\":\"https:\\\/\\\/souss.digital\\\/en\\\/2023\\\/11\\\/intelligence-artificielle-acceleration-day-pour-montrer-les-mutations-du-monde-professionnel\\\/#breadcrumb\",\"itemListElement\":[{\"@type\":\"ListItem\",\"position\":1,\"name\":\"Accueil\",\"item\":\"https:\\\/\\\/souss.digital\\\/en\\\/\"},{\"@type\":\"ListItem\",\"position\":2,\"name\":\"Intelligence artificielle : Acceleration Day pour montrer les mutations du monde professionnel\"}]},{\"@type\":\"WebSite\",\"@id\":\"https:\\\/\\\/souss.digital\\\/en\\\/#website\",\"url\":\"https:\\\/\\\/souss.digital\\\/en\\\/\",\"name\":\"Souss Digital Gateway\",\"description\":\"Your IT gateway to Souss Massa Region\",\"publisher\":{\"@id\":\"https:\\\/\\\/souss.digital\\\/en\\\/#organization\"},\"potentialAction\":[{\"@type\":\"SearchAction\",\"target\":{\"@type\":\"EntryPoint\",\"urlTemplate\":\"https:\\\/\\\/souss.digital\\\/en\\\/?s={search_term_string}\"},\"query-input\":{\"@type\":\"PropertyValueSpecification\",\"valueRequired\":true,\"valueName\":\"search_term_string\"}}],\"inLanguage\":\"en-US\"},{\"@type\":\"Organization\",\"@id\":\"https:\\\/\\\/souss.digital\\\/en\\\/#organization\",\"name\":\"Souss Digital Gateway\",\"url\":\"https:\\\/\\\/souss.digital\\\/en\\\/\",\"logo\":{\"@type\":\"ImageObject\",\"inLanguage\":\"en-US\",\"@id\":\"https:\\\/\\\/souss.digital\\\/en\\\/#\\\/schema\\\/logo\\\/image\\\/\",\"url\":\"https:\\\/\\\/souss.digital\\\/wp-content\\\/uploads\\\/2023\\\/08\\\/souss-digital-logo-fond-blanc-2.png\",\"contentUrl\":\"https:\\\/\\\/souss.digital\\\/wp-content\\\/uploads\\\/2023\\\/08\\\/souss-digital-logo-fond-blanc-2.png\",\"width\":612,\"height\":966,\"caption\":\"Souss Digital Gateway\"},\"image\":{\"@id\":\"https:\\\/\\\/souss.digital\\\/en\\\/#\\\/schema\\\/logo\\\/image\\\/\"},\"sameAs\":[\"https:\\\/\\\/web.facebook.com\\\/souss.digital.gateway\",\"https:\\\/\\\/x.com\\\/soussdigital\",\"https:\\\/\\\/www.instagram.com\\\/souss.digital.gateway\\\/\",\"https:\\\/\\\/www.linkedin.com\\\/company\\\/souss-digital-gateway\\\/\"]},{\"@type\":\"Person\",\"@id\":\"https:\\\/\\\/souss.digital\\\/en\\\/#\\\/schema\\\/person\\\/db06603b4409fd161629d332ecb1dc84\",\"name\":\"gadiros\",\"image\":{\"@type\":\"ImageObject\",\"inLanguage\":\"en-US\",\"@id\":\"https:\\\/\\\/secure.gravatar.com\\\/avatar\\\/9ee2e02fa65b15cc6908dbd562c96b7ad1a5afff3d08a499b528b0c33c7d84d8?s=96&d=mm&r=g\",\"url\":\"https:\\\/\\\/secure.gravatar.com\\\/avatar\\\/9ee2e02fa65b15cc6908dbd562c96b7ad1a5afff3d08a499b528b0c33c7d84d8?s=96&d=mm&r=g\",\"contentUrl\":\"https:\\\/\\\/secure.gravatar.com\\\/avatar\\\/9ee2e02fa65b15cc6908dbd562c96b7ad1a5afff3d08a499b528b0c33c7d84d8?s=96&d=mm&r=g\",\"caption\":\"gadiros\"},\"sameAs\":[\"https:\\\/\\\/souss.digital\"]}]}<\/script>\n<!-- \/ Yoast SEO plugin. -->","yoast_head_json":{"title":"Intelligence artificielle : Acceleration Day pour montrer les mutations du monde professionnel - Souss Digital Gateway","description":"Intelligence artificielle : Acceleration Day pour montrer les mutations du monde professionnel Afrique | Souss Digital Gateway","robots":{"index":"index","follow":"follow","max-snippet":"max-snippet:-1","max-image-preview":"max-image-preview:large","max-video-preview":"max-video-preview:-1"},"canonical":"https:\/\/souss.digital\/en\/2023\/11\/intelligence-artificielle-acceleration-day-pour-montrer-les-mutations-du-monde-professionnel\/","og_locale":"en_US","og_type":"article","og_title":"Intelligence artificielle : Acceleration Day pour montrer les mutations du monde professionnel - Souss Digital Gateway","og_description":"Intelligence artificielle : Acceleration Day pour montrer les mutations du monde professionnel Afrique | Souss Digital Gateway","og_url":"https:\/\/souss.digital\/en\/2023\/11\/intelligence-artificielle-acceleration-day-pour-montrer-les-mutations-du-monde-professionnel\/","og_site_name":"Souss Digital Gateway","article_publisher":"https:\/\/web.facebook.com\/souss.digital.gateway","article_published_time":"2023-11-21T08:28:49+00:00","article_modified_time":"2024-10-23T15:40:29+00:00","og_image":[{"width":1080,"height":1080,"url":"https:\/\/souss.digital\/wp-content\/uploads\/2023\/11\/intelligence-artificielle-acceleration-day-pour-montrer-les-mutations-du-monde-professionnel.png","type":"image\/png"}],"author":"gadiros","twitter_card":"summary_large_image","twitter_creator":"@soussdigital","twitter_site":"@soussdigital","schema":{"@context":"https:\/\/schema.org","@graph":[{"@type":"Article","@id":"https:\/\/souss.digital\/en\/2023\/11\/intelligence-artificielle-acceleration-day-pour-montrer-les-mutations-du-monde-professionnel\/#article","isPartOf":{"@id":"https:\/\/souss.digital\/en\/2023\/11\/intelligence-artificielle-acceleration-day-pour-montrer-les-mutations-du-monde-professionnel\/"},"author":{"name":"gadiros","@id":"https:\/\/souss.digital\/en\/#\/schema\/person\/db06603b4409fd161629d332ecb1dc84"},"headline":"Intelligence artificielle : Acceleration Day pour montrer les mutations du monde professionnel","datePublished":"2023-11-21T08:28:49+00:00","dateModified":"2024-10-23T15:40:29+00:00","mainEntityOfPage":{"@id":"https:\/\/souss.digital\/en\/2023\/11\/intelligence-artificielle-acceleration-day-pour-montrer-les-mutations-du-monde-professionnel\/"},"wordCount":176,"publisher":{"@id":"https:\/\/souss.digital\/en\/#organization"},"image":{"@id":"https:\/\/souss.digital\/en\/2023\/11\/intelligence-artificielle-acceleration-day-pour-montrer-les-mutations-du-monde-professionnel\/#primaryimage"},"thumbnailUrl":"https:\/\/souss.digital\/wp-content\/uploads\/2023\/11\/intelligence-artificielle-acceleration-day-pour-montrer-les-mutations-du-monde-professionnel.png","articleSection":["Afrique"],"inLanguage":"en-US"},{"@type":"WebPage","@id":"https:\/\/souss.digital\/en\/2023\/11\/intelligence-artificielle-acceleration-day-pour-montrer-les-mutations-du-monde-professionnel\/","url":"https:\/\/souss.digital\/en\/2023\/11\/intelligence-artificielle-acceleration-day-pour-montrer-les-mutations-du-monde-professionnel\/","name":"Intelligence artificielle : Acceleration Day pour montrer les mutations du monde professionnel - Souss Digital Gateway","isPartOf":{"@id":"https:\/\/souss.digital\/en\/#website"},"primaryImageOfPage":{"@id":"https:\/\/souss.digital\/en\/2023\/11\/intelligence-artificielle-acceleration-day-pour-montrer-les-mutations-du-monde-professionnel\/#primaryimage"},"image":{"@id":"https:\/\/souss.digital\/en\/2023\/11\/intelligence-artificielle-acceleration-day-pour-montrer-les-mutations-du-monde-professionnel\/#primaryimage"},"thumbnailUrl":"https:\/\/souss.digital\/wp-content\/uploads\/2023\/11\/intelligence-artificielle-acceleration-day-pour-montrer-les-mutations-du-monde-professionnel.png","datePublished":"2023-11-21T08:28:49+00:00","dateModified":"2024-10-23T15:40:29+00:00","description":"Intelligence artificielle : Acceleration Day pour montrer les mutations du monde professionnel Afrique | Souss Digital Gateway","breadcrumb":{"@id":"https:\/\/souss.digital\/en\/2023\/11\/intelligence-artificielle-acceleration-day-pour-montrer-les-mutations-du-monde-professionnel\/#breadcrumb"},"inLanguage":"en-US","potentialAction":[{"@type":"ReadAction","target":["https:\/\/souss.digital\/en\/2023\/11\/intelligence-artificielle-acceleration-day-pour-montrer-les-mutations-du-monde-professionnel\/"]}]},{"@type":"ImageObject","inLanguage":"en-US","@id":"https:\/\/souss.digital\/en\/2023\/11\/intelligence-artificielle-acceleration-day-pour-montrer-les-mutations-du-monde-professionnel\/#primaryimage","url":"https:\/\/souss.digital\/wp-content\/uploads\/2023\/11\/intelligence-artificielle-acceleration-day-pour-montrer-les-mutations-du-monde-professionnel.png","contentUrl":"https:\/\/souss.digital\/wp-content\/uploads\/2023\/11\/intelligence-artificielle-acceleration-day-pour-montrer-les-mutations-du-monde-professionnel.png","width":1080,"height":1080},{"@type":"BreadcrumbList","@id":"https:\/\/souss.digital\/en\/2023\/11\/intelligence-artificielle-acceleration-day-pour-montrer-les-mutations-du-monde-professionnel\/#breadcrumb","itemListElement":[{"@type":"ListItem","position":1,"name":"Accueil","item":"https:\/\/souss.digital\/en\/"},{"@type":"ListItem","position":2,"name":"Intelligence artificielle : Acceleration Day pour montrer les mutations du monde professionnel"}]},{"@type":"WebSite","@id":"https:\/\/souss.digital\/en\/#website","url":"https:\/\/souss.digital\/en\/","name":"Souss Digital Gateway","description":"Your IT gateway to Souss Massa Region","publisher":{"@id":"https:\/\/souss.digital\/en\/#organization"},"potentialAction":[{"@type":"SearchAction","target":{"@type":"EntryPoint","urlTemplate":"https:\/\/souss.digital\/en\/?s={search_term_string}"},"query-input":{"@type":"PropertyValueSpecification","valueRequired":true,"valueName":"search_term_string"}}],"inLanguage":"en-US"},{"@type":"Organization","@id":"https:\/\/souss.digital\/en\/#organization","name":"Souss Digital Gateway","url":"https:\/\/souss.digital\/en\/","logo":{"@type":"ImageObject","inLanguage":"en-US","@id":"https:\/\/souss.digital\/en\/#\/schema\/logo\/image\/","url":"https:\/\/souss.digital\/wp-content\/uploads\/2023\/08\/souss-digital-logo-fond-blanc-2.png","contentUrl":"https:\/\/souss.digital\/wp-content\/uploads\/2023\/08\/souss-digital-logo-fond-blanc-2.png","width":612,"height":966,"caption":"Souss Digital Gateway"},"image":{"@id":"https:\/\/souss.digital\/en\/#\/schema\/logo\/image\/"},"sameAs":["https:\/\/web.facebook.com\/souss.digital.gateway","https:\/\/x.com\/soussdigital","https:\/\/www.instagram.com\/souss.digital.gateway\/","https:\/\/www.linkedin.com\/company\/souss-digital-gateway\/"]},{"@type":"Person","@id":"https:\/\/souss.digital\/en\/#\/schema\/person\/db06603b4409fd161629d332ecb1dc84","name":"gadiros","image":{"@type":"ImageObject","inLanguage":"en-US","@id":"https:\/\/secure.gravatar.com\/avatar\/9ee2e02fa65b15cc6908dbd562c96b7ad1a5afff3d08a499b528b0c33c7d84d8?s=96&d=mm&r=g","url":"https:\/\/secure.gravatar.com\/avatar\/9ee2e02fa65b15cc6908dbd562c96b7ad1a5afff3d08a499b528b0c33c7d84d8?s=96&d=mm&r=g","contentUrl":"https:\/\/secure.gravatar.com\/avatar\/9ee2e02fa65b15cc6908dbd562c96b7ad1a5afff3d08a499b528b0c33c7d84d8?s=96&d=mm&r=g","caption":"gadiros"},"sameAs":["https:\/\/souss.digital"]}]}},"_links":{"self":[{"href":"https:\/\/souss.digital\/en\/wp-json\/wp\/v2\/posts\/1938","targetHints":{"allow":["GET"]}}],"collection":[{"href":"https:\/\/souss.digital\/en\/wp-json\/wp\/v2\/posts"}],"about":[{"href":"https:\/\/souss.digital\/en\/wp-json\/wp\/v2\/types\/post"}],"author":[{"embeddable":true,"href":"https:\/\/souss.digital\/en\/wp-json\/wp\/v2\/users\/1"}],"replies":[{"embeddable":true,"href":"https:\/\/souss.digital\/en\/wp-json\/wp\/v2\/comments?post=1938"}],"version-history":[{"count":1,"href":"https:\/\/souss.digital\/en\/wp-json\/wp\/v2\/posts\/1938\/revisions"}],"predecessor-version":[{"id":2646,"href":"https:\/\/souss.digital\/en\/wp-json\/wp\/v2\/posts\/1938\/revisions\/2646"}],"wp:featuredmedia":[{"embeddable":true,"href":"https:\/\/souss.digital\/en\/wp-json\/wp\/v2\/media\/1647"}],"wp:attachment":[{"href":"https:\/\/souss.digital\/en\/wp-json\/wp\/v2\/media?parent=1938"}],"wp:term":[{"taxonomy":"category","embeddable":true,"href":"https:\/\/souss.digital\/en\/wp-json\/wp\/v2\/categories?post=1938"},{"taxonomy":"post_tag","embeddable":true,"href":"https:\/\/souss.digital\/en\/wp-json\/wp\/v2\/tags?post=1938"}],"curies":[{"name":"wp","href":"https:\/\/api.w.org\/{rel}","templated":true}]}}