{"id":2332,"date":"2024-09-10T12:25:32","date_gmt":"2024-09-10T11:25:32","guid":{"rendered":"https:\/\/souss.digital\/?p=2332"},"modified":"2024-10-23T16:38:09","modified_gmt":"2024-10-23T15:38:09","slug":"agriculture-le-ministere-sensibilise-ses-fonctionnaires-a-lia","status":"publish","type":"post","link":"https:\/\/souss.digital\/en\/2024\/09\/agriculture-le-ministere-sensibilise-ses-fonctionnaires-a-lia\/","title":{"rendered":"Agriculture : Le minist\u00e8re sensibilise ses fonctionnaires \u00e0 l\u2019IA"},"content":{"rendered":"<div class=\"flex-1 overflow-hidden\">\n<div class=\"react-scroll-to-bottom--css-venyo-79elbk h-full\">\n<div class=\"react-scroll-to-bottom--css-venyo-1n7m0yu\">\n<div class=\"flex flex-col pb-9 text-sm\">\n<div class=\"w-full text-token-text-primary\" data-testid=\"conversation-turn-3\">\n<div class=\"px-4 py-2 justify-center text-base md:gap-6 m-auto\">\n<div class=\"flex flex-1 text-base mx-auto gap-3 md:px-5 lg:px-1 xl:px-5 md:max-w-3xl lg:max-w-[40rem] xl:max-w-[48rem] group final-completion\">\n<div class=\"relative flex w-full flex-col lg:w-[calc(100%-115px)] agent-turn\">\n<div class=\"flex-col gap-1 md:gap-3\">\n<div class=\"flex flex-grow flex-col max-w-full\">\n<div class=\"min-h-[20px] text-message flex flex-col items-start gap-3 whitespace-pre-wrap break-words [.text-message+&amp;]:mt-5 overflow-x-auto\" data-message-author-role=\"assistant\" data-message-id=\"65583470-e2e8-487f-88cf-50ff817de827\">\n<div class=\"markdown prose w-full break-words dark:prose-invert light\">\n<p>Le minist\u00e8re de l&#8217;Agriculture, de la P\u00eache Maritime, du D\u00e9veloppement Rural et des Eaux et For\u00eats poursuit sa transformation digitale en int\u00e9grant des technologies innovantes. Drones, intelligence artificielle, big data et logiciels de gestion agricole transforment profond\u00e9ment le secteur. Les agriculteurs marocains b\u00e9n\u00e9ficient depuis plusieurs ann\u00e9es de ces outils pour optimiser la gestion de leurs exploitations. Afin d\u2019accompagner cette \u00e9volution, le minist\u00e8re propose une formation sur la transformation digitale et l&#8217;innovation pour son personnel.<\/p>\n<p>&nbsp;<\/p>\n<p>Cette formation est centr\u00e9e sur deux axes : l&#8217;accompagnement digital et les technologies num\u00e9riques. Le premier englobe la transformation digitale, l&#8217;intelligence artificielle et le design thinking. Le second aborde la gestion des projets num\u00e9riques et les technologies de la big data. Les participants y approfondiront leurs connaissances sur l&#8217;intelligence artificielle, y compris le machine learning et le traitement du langage naturel. Ils apprendront \u00e0 int\u00e9grer l&#8217;IA dans des strat\u00e9gies de transformation digitale tout en \u00e9tudiant des cas concrets du secteur agricole.<\/p>\n<p>&nbsp;<\/p>\n<p>Concernant le design thinking, l&#8217;objectif est d&#8217;acqu\u00e9rir des comp\u00e9tences en r\u00e9solution de probl\u00e8mes complexes et en g\u00e9n\u00e9ration d&#8217;id\u00e9es novatrices. Du c\u00f4t\u00e9 de la big data, la formation met l&#8217;accent sur la gestion des donn\u00e9es massives, les solutions de stockage et la s\u00e9curit\u00e9 des donn\u00e9es. Enfin, la gestion num\u00e9rique porte sur les m\u00e9thodes de gestion de projets adapt\u00e9s aux environnements num\u00e9riques, avec un focus sur le respect des d\u00e9lais, la gestion des risques et l&#8217;optimisation des ressources.<\/p>\n<\/div>\n<\/div>\n<\/div>\n<\/div>\n<\/div>\n<\/div>\n<\/div>\n<\/div>\n<\/div>\n<\/div>\n<\/div>\n<\/div>\n","protected":false},"excerpt":{"rendered":"<p>Le minist\u00e8re de l&#8217;Agriculture, de la P\u00eache Maritime, du D\u00e9veloppement Rural et des Eaux et For\u00eats poursuit sa transformation digitale en int\u00e9grant des technologies innovantes. Drones, intelligence artificielle, big data et logiciels de gestion agricole transforment profond\u00e9ment le secteur. Les agriculteurs marocains b\u00e9n\u00e9ficient depuis plusieurs ann\u00e9es de ces outils pour optimiser la gestion de leurs [&hellip;]<\/p>\n","protected":false},"author":1,"featured_media":2334,"comment_status":"closed","ping_status":"open","sticky":false,"template":"","format":"standard","meta":{"_acf_changed":false,"footnotes":""},"categories":[24],"tags":[],"class_list":["post-2332","post","type-post","status-publish","format-standard","has-post-thumbnail","hentry","category-business-en"],"acf":[],"yoast_head":"<!-- This site is optimized with the Yoast SEO plugin v27.4 - https:\/\/yoast.com\/product\/yoast-seo-wordpress\/ -->\n<title>Agriculture : Le minist\u00e8re sensibilise ses fonctionnaires \u00e0 l\u2019IA - Souss Digital Gateway<\/title>\n<meta name=\"description\" content=\"Agriculture : Le minist\u00e8re sensibilise ses fonctionnaires \u00e0 l\u2019IA Business | Souss Digital Gateway\" \/>\n<meta name=\"robots\" content=\"index, follow, max-snippet:-1, max-image-preview:large, max-video-preview:-1\" \/>\n<link rel=\"canonical\" href=\"https:\/\/souss.digital\/en\/2024\/09\/agriculture-le-ministere-sensibilise-ses-fonctionnaires-a-lia\/\" \/>\n<meta property=\"og:locale\" content=\"en_US\" \/>\n<meta property=\"og:type\" content=\"article\" \/>\n<meta property=\"og:title\" content=\"Agriculture : Le minist\u00e8re sensibilise ses fonctionnaires \u00e0 l\u2019IA - Souss Digital Gateway\" \/>\n<meta property=\"og:description\" content=\"Agriculture : Le minist\u00e8re sensibilise ses fonctionnaires \u00e0 l\u2019IA Business | Souss Digital Gateway\" \/>\n<meta property=\"og:url\" content=\"https:\/\/souss.digital\/en\/2024\/09\/agriculture-le-ministere-sensibilise-ses-fonctionnaires-a-lia\/\" \/>\n<meta property=\"og:site_name\" content=\"Souss Digital Gateway\" \/>\n<meta property=\"article:publisher\" content=\"https:\/\/web.facebook.com\/souss.digital.gateway\" \/>\n<meta property=\"article:published_time\" content=\"2024-09-10T11:25:32+00:00\" \/>\n<meta property=\"article:modified_time\" content=\"2024-10-23T15:38:09+00:00\" \/>\n<meta property=\"og:image\" content=\"https:\/\/souss.digital\/wp-content\/uploads\/2024\/09\/agriculture-le-ministere-sensibilise-ses-fonctionnaires-a-lia.jpg\" \/>\n\t<meta property=\"og:image:width\" content=\"1080\" \/>\n\t<meta property=\"og:image:height\" content=\"1080\" \/>\n\t<meta property=\"og:image:type\" content=\"image\/jpeg\" \/>\n<meta name=\"author\" content=\"gadiros\" \/>\n<meta name=\"twitter:card\" content=\"summary_large_image\" \/>\n<meta name=\"twitter:creator\" content=\"@soussdigital\" \/>\n<meta name=\"twitter:site\" content=\"@soussdigital\" \/>\n<script type=\"application\/ld+json\" class=\"yoast-schema-graph\">{\"@context\":\"https:\\\/\\\/schema.org\",\"@graph\":[{\"@type\":\"Article\",\"@id\":\"https:\\\/\\\/souss.digital\\\/en\\\/2024\\\/09\\\/agriculture-le-ministere-sensibilise-ses-fonctionnaires-a-lia\\\/#article\",\"isPartOf\":{\"@id\":\"https:\\\/\\\/souss.digital\\\/en\\\/2024\\\/09\\\/agriculture-le-ministere-sensibilise-ses-fonctionnaires-a-lia\\\/\"},\"author\":{\"name\":\"gadiros\",\"@id\":\"https:\\\/\\\/souss.digital\\\/en\\\/#\\\/schema\\\/person\\\/db06603b4409fd161629d332ecb1dc84\"},\"headline\":\"Agriculture : Le minist\u00e8re sensibilise ses fonctionnaires \u00e0 l\u2019IA\",\"datePublished\":\"2024-09-10T11:25:32+00:00\",\"dateModified\":\"2024-10-23T15:38:09+00:00\",\"mainEntityOfPage\":{\"@id\":\"https:\\\/\\\/souss.digital\\\/en\\\/2024\\\/09\\\/agriculture-le-ministere-sensibilise-ses-fonctionnaires-a-lia\\\/\"},\"wordCount\":283,\"publisher\":{\"@id\":\"https:\\\/\\\/souss.digital\\\/en\\\/#organization\"},\"image\":{\"@id\":\"https:\\\/\\\/souss.digital\\\/en\\\/2024\\\/09\\\/agriculture-le-ministere-sensibilise-ses-fonctionnaires-a-lia\\\/#primaryimage\"},\"thumbnailUrl\":\"https:\\\/\\\/souss.digital\\\/wp-content\\\/uploads\\\/2024\\\/09\\\/agriculture-le-ministere-sensibilise-ses-fonctionnaires-a-lia.jpg\",\"articleSection\":[\"Business\"],\"inLanguage\":\"en-US\"},{\"@type\":\"WebPage\",\"@id\":\"https:\\\/\\\/souss.digital\\\/en\\\/2024\\\/09\\\/agriculture-le-ministere-sensibilise-ses-fonctionnaires-a-lia\\\/\",\"url\":\"https:\\\/\\\/souss.digital\\\/en\\\/2024\\\/09\\\/agriculture-le-ministere-sensibilise-ses-fonctionnaires-a-lia\\\/\",\"name\":\"Agriculture : Le minist\u00e8re sensibilise ses fonctionnaires \u00e0 l\u2019IA - Souss Digital Gateway\",\"isPartOf\":{\"@id\":\"https:\\\/\\\/souss.digital\\\/en\\\/#website\"},\"primaryImageOfPage\":{\"@id\":\"https:\\\/\\\/souss.digital\\\/en\\\/2024\\\/09\\\/agriculture-le-ministere-sensibilise-ses-fonctionnaires-a-lia\\\/#primaryimage\"},\"image\":{\"@id\":\"https:\\\/\\\/souss.digital\\\/en\\\/2024\\\/09\\\/agriculture-le-ministere-sensibilise-ses-fonctionnaires-a-lia\\\/#primaryimage\"},\"thumbnailUrl\":\"https:\\\/\\\/souss.digital\\\/wp-content\\\/uploads\\\/2024\\\/09\\\/agriculture-le-ministere-sensibilise-ses-fonctionnaires-a-lia.jpg\",\"datePublished\":\"2024-09-10T11:25:32+00:00\",\"dateModified\":\"2024-10-23T15:38:09+00:00\",\"description\":\"Agriculture : Le minist\u00e8re sensibilise ses fonctionnaires \u00e0 l\u2019IA Business | Souss Digital Gateway\",\"breadcrumb\":{\"@id\":\"https:\\\/\\\/souss.digital\\\/en\\\/2024\\\/09\\\/agriculture-le-ministere-sensibilise-ses-fonctionnaires-a-lia\\\/#breadcrumb\"},\"inLanguage\":\"en-US\",\"potentialAction\":[{\"@type\":\"ReadAction\",\"target\":[\"https:\\\/\\\/souss.digital\\\/en\\\/2024\\\/09\\\/agriculture-le-ministere-sensibilise-ses-fonctionnaires-a-lia\\\/\"]}]},{\"@type\":\"ImageObject\",\"inLanguage\":\"en-US\",\"@id\":\"https:\\\/\\\/souss.digital\\\/en\\\/2024\\\/09\\\/agriculture-le-ministere-sensibilise-ses-fonctionnaires-a-lia\\\/#primaryimage\",\"url\":\"https:\\\/\\\/souss.digital\\\/wp-content\\\/uploads\\\/2024\\\/09\\\/agriculture-le-ministere-sensibilise-ses-fonctionnaires-a-lia.jpg\",\"contentUrl\":\"https:\\\/\\\/souss.digital\\\/wp-content\\\/uploads\\\/2024\\\/09\\\/agriculture-le-ministere-sensibilise-ses-fonctionnaires-a-lia.jpg\",\"width\":1080,\"height\":1080},{\"@type\":\"BreadcrumbList\",\"@id\":\"https:\\\/\\\/souss.digital\\\/en\\\/2024\\\/09\\\/agriculture-le-ministere-sensibilise-ses-fonctionnaires-a-lia\\\/#breadcrumb\",\"itemListElement\":[{\"@type\":\"ListItem\",\"position\":1,\"name\":\"Accueil\",\"item\":\"https:\\\/\\\/souss.digital\\\/en\\\/\"},{\"@type\":\"ListItem\",\"position\":2,\"name\":\"Agriculture : Le minist\u00e8re sensibilise ses fonctionnaires \u00e0 l\u2019IA\"}]},{\"@type\":\"WebSite\",\"@id\":\"https:\\\/\\\/souss.digital\\\/en\\\/#website\",\"url\":\"https:\\\/\\\/souss.digital\\\/en\\\/\",\"name\":\"Souss Digital Gateway\",\"description\":\"Your IT gateway to Souss Massa Region\",\"publisher\":{\"@id\":\"https:\\\/\\\/souss.digital\\\/en\\\/#organization\"},\"potentialAction\":[{\"@type\":\"SearchAction\",\"target\":{\"@type\":\"EntryPoint\",\"urlTemplate\":\"https:\\\/\\\/souss.digital\\\/en\\\/?s={search_term_string}\"},\"query-input\":{\"@type\":\"PropertyValueSpecification\",\"valueRequired\":true,\"valueName\":\"search_term_string\"}}],\"inLanguage\":\"en-US\"},{\"@type\":\"Organization\",\"@id\":\"https:\\\/\\\/souss.digital\\\/en\\\/#organization\",\"name\":\"Souss Digital Gateway\",\"url\":\"https:\\\/\\\/souss.digital\\\/en\\\/\",\"logo\":{\"@type\":\"ImageObject\",\"inLanguage\":\"en-US\",\"@id\":\"https:\\\/\\\/souss.digital\\\/en\\\/#\\\/schema\\\/logo\\\/image\\\/\",\"url\":\"https:\\\/\\\/souss.digital\\\/wp-content\\\/uploads\\\/2023\\\/08\\\/souss-digital-logo-fond-blanc-2.png\",\"contentUrl\":\"https:\\\/\\\/souss.digital\\\/wp-content\\\/uploads\\\/2023\\\/08\\\/souss-digital-logo-fond-blanc-2.png\",\"width\":612,\"height\":966,\"caption\":\"Souss Digital Gateway\"},\"image\":{\"@id\":\"https:\\\/\\\/souss.digital\\\/en\\\/#\\\/schema\\\/logo\\\/image\\\/\"},\"sameAs\":[\"https:\\\/\\\/web.facebook.com\\\/souss.digital.gateway\",\"https:\\\/\\\/x.com\\\/soussdigital\",\"https:\\\/\\\/www.instagram.com\\\/souss.digital.gateway\\\/\",\"https:\\\/\\\/www.linkedin.com\\\/company\\\/souss-digital-gateway\\\/\"]},{\"@type\":\"Person\",\"@id\":\"https:\\\/\\\/souss.digital\\\/en\\\/#\\\/schema\\\/person\\\/db06603b4409fd161629d332ecb1dc84\",\"name\":\"gadiros\",\"image\":{\"@type\":\"ImageObject\",\"inLanguage\":\"en-US\",\"@id\":\"https:\\\/\\\/secure.gravatar.com\\\/avatar\\\/9ee2e02fa65b15cc6908dbd562c96b7ad1a5afff3d08a499b528b0c33c7d84d8?s=96&d=mm&r=g\",\"url\":\"https:\\\/\\\/secure.gravatar.com\\\/avatar\\\/9ee2e02fa65b15cc6908dbd562c96b7ad1a5afff3d08a499b528b0c33c7d84d8?s=96&d=mm&r=g\",\"contentUrl\":\"https:\\\/\\\/secure.gravatar.com\\\/avatar\\\/9ee2e02fa65b15cc6908dbd562c96b7ad1a5afff3d08a499b528b0c33c7d84d8?s=96&d=mm&r=g\",\"caption\":\"gadiros\"},\"sameAs\":[\"https:\\\/\\\/souss.digital\"]}]}<\/script>\n<!-- \/ Yoast SEO plugin. -->","yoast_head_json":{"title":"Agriculture : Le minist\u00e8re sensibilise ses fonctionnaires \u00e0 l\u2019IA - Souss Digital Gateway","description":"Agriculture : Le minist\u00e8re sensibilise ses fonctionnaires \u00e0 l\u2019IA Business | Souss Digital Gateway","robots":{"index":"index","follow":"follow","max-snippet":"max-snippet:-1","max-image-preview":"max-image-preview:large","max-video-preview":"max-video-preview:-1"},"canonical":"https:\/\/souss.digital\/en\/2024\/09\/agriculture-le-ministere-sensibilise-ses-fonctionnaires-a-lia\/","og_locale":"en_US","og_type":"article","og_title":"Agriculture : Le minist\u00e8re sensibilise ses fonctionnaires \u00e0 l\u2019IA - Souss Digital Gateway","og_description":"Agriculture : Le minist\u00e8re sensibilise ses fonctionnaires \u00e0 l\u2019IA Business | Souss Digital Gateway","og_url":"https:\/\/souss.digital\/en\/2024\/09\/agriculture-le-ministere-sensibilise-ses-fonctionnaires-a-lia\/","og_site_name":"Souss Digital Gateway","article_publisher":"https:\/\/web.facebook.com\/souss.digital.gateway","article_published_time":"2024-09-10T11:25:32+00:00","article_modified_time":"2024-10-23T15:38:09+00:00","og_image":[{"width":1080,"height":1080,"url":"https:\/\/souss.digital\/wp-content\/uploads\/2024\/09\/agriculture-le-ministere-sensibilise-ses-fonctionnaires-a-lia.jpg","type":"image\/jpeg"}],"author":"gadiros","twitter_card":"summary_large_image","twitter_creator":"@soussdigital","twitter_site":"@soussdigital","schema":{"@context":"https:\/\/schema.org","@graph":[{"@type":"Article","@id":"https:\/\/souss.digital\/en\/2024\/09\/agriculture-le-ministere-sensibilise-ses-fonctionnaires-a-lia\/#article","isPartOf":{"@id":"https:\/\/souss.digital\/en\/2024\/09\/agriculture-le-ministere-sensibilise-ses-fonctionnaires-a-lia\/"},"author":{"name":"gadiros","@id":"https:\/\/souss.digital\/en\/#\/schema\/person\/db06603b4409fd161629d332ecb1dc84"},"headline":"Agriculture : Le minist\u00e8re sensibilise ses fonctionnaires \u00e0 l\u2019IA","datePublished":"2024-09-10T11:25:32+00:00","dateModified":"2024-10-23T15:38:09+00:00","mainEntityOfPage":{"@id":"https:\/\/souss.digital\/en\/2024\/09\/agriculture-le-ministere-sensibilise-ses-fonctionnaires-a-lia\/"},"wordCount":283,"publisher":{"@id":"https:\/\/souss.digital\/en\/#organization"},"image":{"@id":"https:\/\/souss.digital\/en\/2024\/09\/agriculture-le-ministere-sensibilise-ses-fonctionnaires-a-lia\/#primaryimage"},"thumbnailUrl":"https:\/\/souss.digital\/wp-content\/uploads\/2024\/09\/agriculture-le-ministere-sensibilise-ses-fonctionnaires-a-lia.jpg","articleSection":["Business"],"inLanguage":"en-US"},{"@type":"WebPage","@id":"https:\/\/souss.digital\/en\/2024\/09\/agriculture-le-ministere-sensibilise-ses-fonctionnaires-a-lia\/","url":"https:\/\/souss.digital\/en\/2024\/09\/agriculture-le-ministere-sensibilise-ses-fonctionnaires-a-lia\/","name":"Agriculture : Le minist\u00e8re sensibilise ses fonctionnaires \u00e0 l\u2019IA - Souss Digital Gateway","isPartOf":{"@id":"https:\/\/souss.digital\/en\/#website"},"primaryImageOfPage":{"@id":"https:\/\/souss.digital\/en\/2024\/09\/agriculture-le-ministere-sensibilise-ses-fonctionnaires-a-lia\/#primaryimage"},"image":{"@id":"https:\/\/souss.digital\/en\/2024\/09\/agriculture-le-ministere-sensibilise-ses-fonctionnaires-a-lia\/#primaryimage"},"thumbnailUrl":"https:\/\/souss.digital\/wp-content\/uploads\/2024\/09\/agriculture-le-ministere-sensibilise-ses-fonctionnaires-a-lia.jpg","datePublished":"2024-09-10T11:25:32+00:00","dateModified":"2024-10-23T15:38:09+00:00","description":"Agriculture : Le minist\u00e8re sensibilise ses fonctionnaires \u00e0 l\u2019IA Business | Souss Digital Gateway","breadcrumb":{"@id":"https:\/\/souss.digital\/en\/2024\/09\/agriculture-le-ministere-sensibilise-ses-fonctionnaires-a-lia\/#breadcrumb"},"inLanguage":"en-US","potentialAction":[{"@type":"ReadAction","target":["https:\/\/souss.digital\/en\/2024\/09\/agriculture-le-ministere-sensibilise-ses-fonctionnaires-a-lia\/"]}]},{"@type":"ImageObject","inLanguage":"en-US","@id":"https:\/\/souss.digital\/en\/2024\/09\/agriculture-le-ministere-sensibilise-ses-fonctionnaires-a-lia\/#primaryimage","url":"https:\/\/souss.digital\/wp-content\/uploads\/2024\/09\/agriculture-le-ministere-sensibilise-ses-fonctionnaires-a-lia.jpg","contentUrl":"https:\/\/souss.digital\/wp-content\/uploads\/2024\/09\/agriculture-le-ministere-sensibilise-ses-fonctionnaires-a-lia.jpg","width":1080,"height":1080},{"@type":"BreadcrumbList","@id":"https:\/\/souss.digital\/en\/2024\/09\/agriculture-le-ministere-sensibilise-ses-fonctionnaires-a-lia\/#breadcrumb","itemListElement":[{"@type":"ListItem","position":1,"name":"Accueil","item":"https:\/\/souss.digital\/en\/"},{"@type":"ListItem","position":2,"name":"Agriculture : Le minist\u00e8re sensibilise ses fonctionnaires \u00e0 l\u2019IA"}]},{"@type":"WebSite","@id":"https:\/\/souss.digital\/en\/#website","url":"https:\/\/souss.digital\/en\/","name":"Souss Digital Gateway","description":"Your IT gateway to Souss Massa Region","publisher":{"@id":"https:\/\/souss.digital\/en\/#organization"},"potentialAction":[{"@type":"SearchAction","target":{"@type":"EntryPoint","urlTemplate":"https:\/\/souss.digital\/en\/?s={search_term_string}"},"query-input":{"@type":"PropertyValueSpecification","valueRequired":true,"valueName":"search_term_string"}}],"inLanguage":"en-US"},{"@type":"Organization","@id":"https:\/\/souss.digital\/en\/#organization","name":"Souss Digital Gateway","url":"https:\/\/souss.digital\/en\/","logo":{"@type":"ImageObject","inLanguage":"en-US","@id":"https:\/\/souss.digital\/en\/#\/schema\/logo\/image\/","url":"https:\/\/souss.digital\/wp-content\/uploads\/2023\/08\/souss-digital-logo-fond-blanc-2.png","contentUrl":"https:\/\/souss.digital\/wp-content\/uploads\/2023\/08\/souss-digital-logo-fond-blanc-2.png","width":612,"height":966,"caption":"Souss Digital Gateway"},"image":{"@id":"https:\/\/souss.digital\/en\/#\/schema\/logo\/image\/"},"sameAs":["https:\/\/web.facebook.com\/souss.digital.gateway","https:\/\/x.com\/soussdigital","https:\/\/www.instagram.com\/souss.digital.gateway\/","https:\/\/www.linkedin.com\/company\/souss-digital-gateway\/"]},{"@type":"Person","@id":"https:\/\/souss.digital\/en\/#\/schema\/person\/db06603b4409fd161629d332ecb1dc84","name":"gadiros","image":{"@type":"ImageObject","inLanguage":"en-US","@id":"https:\/\/secure.gravatar.com\/avatar\/9ee2e02fa65b15cc6908dbd562c96b7ad1a5afff3d08a499b528b0c33c7d84d8?s=96&d=mm&r=g","url":"https:\/\/secure.gravatar.com\/avatar\/9ee2e02fa65b15cc6908dbd562c96b7ad1a5afff3d08a499b528b0c33c7d84d8?s=96&d=mm&r=g","contentUrl":"https:\/\/secure.gravatar.com\/avatar\/9ee2e02fa65b15cc6908dbd562c96b7ad1a5afff3d08a499b528b0c33c7d84d8?s=96&d=mm&r=g","caption":"gadiros"},"sameAs":["https:\/\/souss.digital"]}]}},"_links":{"self":[{"href":"https:\/\/souss.digital\/en\/wp-json\/wp\/v2\/posts\/2332","targetHints":{"allow":["GET"]}}],"collection":[{"href":"https:\/\/souss.digital\/en\/wp-json\/wp\/v2\/posts"}],"about":[{"href":"https:\/\/souss.digital\/en\/wp-json\/wp\/v2\/types\/post"}],"author":[{"embeddable":true,"href":"https:\/\/souss.digital\/en\/wp-json\/wp\/v2\/users\/1"}],"replies":[{"embeddable":true,"href":"https:\/\/souss.digital\/en\/wp-json\/wp\/v2\/comments?post=2332"}],"version-history":[{"count":2,"href":"https:\/\/souss.digital\/en\/wp-json\/wp\/v2\/posts\/2332\/revisions"}],"predecessor-version":[{"id":2526,"href":"https:\/\/souss.digital\/en\/wp-json\/wp\/v2\/posts\/2332\/revisions\/2526"}],"wp:featuredmedia":[{"embeddable":true,"href":"https:\/\/souss.digital\/en\/wp-json\/wp\/v2\/media\/2334"}],"wp:attachment":[{"href":"https:\/\/souss.digital\/en\/wp-json\/wp\/v2\/media?parent=2332"}],"wp:term":[{"taxonomy":"category","embeddable":true,"href":"https:\/\/souss.digital\/en\/wp-json\/wp\/v2\/categories?post=2332"},{"taxonomy":"post_tag","embeddable":true,"href":"https:\/\/souss.digital\/en\/wp-json\/wp\/v2\/tags?post=2332"}],"curies":[{"name":"wp","href":"https:\/\/api.w.org\/{rel}","templated":true}]}}